{"id":31446,"date":"2018-04-11T10:26:10","date_gmt":"2018-04-11T13:26:10","guid":{"rendered":"https:\/\/eldiariodesanpedro.com.ar\/sitio\/?p=31446"},"modified":"2018-04-11T10:26:10","modified_gmt":"2018-04-11T13:26:10","slug":"se-aprehende-una-persona-por-realizar-danos-a-una-vivienda","status":"publish","type":"post","link":"https:\/\/eldiariodesanpedro.com.ar\/sitio\/se-aprehende-una-persona-por-realizar-danos-a-una-vivienda\/","title":{"rendered":"Se aprehende una persona por realizar da\u00f1os a una vivienda"},"content":{"rendered":"<p><!-- VideographyWP Plugin Message: Automatic video embedding prevented by plugin options. --><br \/>\nEste martes por la tarde el personal policial del Destacamento de R\u00edo Tala procede a la aprehensi\u00f3n de masculino mayor, quien se encontraba en domicilio de calle G\u00fcemes S\/N, R\u00edo Tala da\u00f1ando vidrio de ventana y amenazando a propietario de la vivienda, por problemas personales.<br \/>\nUFI 11 San Pedro misma dispone aprehensi\u00f3n, y traslado a sede judicial.<\/p>\n","protected":false},"excerpt":{"rendered":"<p>Este martes por la tarde el personal policial del Destacamento de R\u00edo Tala procede a la aprehensi\u00f3n de masculino mayor, quien se encontraba en domicilio de calle G\u00fcemes S\/N, R\u00edo Tala da\u00f1ando vidrio de ventana y amenazando a propietario de la vivienda, por problemas personales. UFI 11 San Pedro misma dispone aprehensi\u00f3n, y traslado a [&hellip;]<\/p>\n","protected":false},"author":4,"featured_media":20446,"comment_status":"open","ping_status":"closed","sticky":false,"template":"","format":"standard","meta":{"om_disable_all_campaigns":false,"_jetpack_memberships_contains_paid_content":false,"footnotes":""},"categories":[101,2],"tags":[],"class_list":["post-31446","post","type-post","status-publish","format-standard","has-post-thumbnail","hentry","category-interes-general-locales","category-locales"],"aioseo_notices":[],"gutentor_comment":0,"jetpack_featured_media_url":"https:\/\/eldiariodesanpedro.com.ar\/sitio\/wp-content\/uploads\/2017\/07\/detenido-3-1.jpg","jetpack_shortlink":"https:\/\/wp.me\/p6RhLt-8bc","jetpack_sharing_enabled":true,"_links":{"self":[{"href":"https:\/\/eldiariodesanpedro.com.ar\/sitio\/wp-json\/wp\/v2\/posts\/31446","targetHints":{"allow":["GET"]}}],"collection":[{"href":"https:\/\/eldiariodesanpedro.com.ar\/sitio\/wp-json\/wp\/v2\/posts"}],"about":[{"href":"https:\/\/eldiariodesanpedro.com.ar\/sitio\/wp-json\/wp\/v2\/types\/post"}],"author":[{"embeddable":true,"href":"https:\/\/eldiariodesanpedro.com.ar\/sitio\/wp-json\/wp\/v2\/users\/4"}],"replies":[{"embeddable":true,"href":"https:\/\/eldiariodesanpedro.com.ar\/sitio\/wp-json\/wp\/v2\/comments?post=31446"}],"version-history":[{"count":1,"href":"https:\/\/eldiariodesanpedro.com.ar\/sitio\/wp-json\/wp\/v2\/posts\/31446\/revisions"}],"predecessor-version":[{"id":31447,"href":"https:\/\/eldiariodesanpedro.com.ar\/sitio\/wp-json\/wp\/v2\/posts\/31446\/revisions\/31447"}],"wp:featuredmedia":[{"embeddable":true,"href":"https:\/\/eldiariodesanpedro.com.ar\/sitio\/wp-json\/wp\/v2\/media\/20446"}],"wp:attachment":[{"href":"https:\/\/eldiariodesanpedro.com.ar\/sitio\/wp-json\/wp\/v2\/media?parent=31446"}],"wp:term":[{"taxonomy":"category","embeddable":true,"href":"https:\/\/eldiariodesanpedro.com.ar\/sitio\/wp-json\/wp\/v2\/categories?post=31446"},{"taxonomy":"post_tag","embeddable":true,"href":"https:\/\/eldiariodesanpedro.com.ar\/sitio\/wp-json\/wp\/v2\/tags?post=31446"}],"curies":[{"name":"wp","href":"https:\/\/api.w.org\/{rel}","templated":true}]}}