{"id":31444,"date":"2018-04-11T10:00:41","date_gmt":"2018-04-11T13:00:41","guid":{"rendered":"https:\/\/eldiariodesanpedro.com.ar\/sitio\/?p=31444"},"modified":"2018-04-11T10:00:41","modified_gmt":"2018-04-11T13:00:41","slug":"se-secuestro-una-motocicleta-con-el-numero-de-motor-adulterado","status":"publish","type":"post","link":"https:\/\/eldiariodesanpedro.com.ar\/sitio\/se-secuestro-una-motocicleta-con-el-numero-de-motor-adulterado\/","title":{"rendered":"Se secuestr\u00f3 una motocicleta con el n\u00famero de motor adulterado"},"content":{"rendered":"<p><!-- VideographyWP Plugin Message: Automatic video embedding prevented by plugin options. --><br \/>\nEste martes el personal policial procede a aprehender a un joven de 16 a\u00f1os, que circulaba en motocicleta Gilera 110 cc, por calle D\u00e1vila y Bottaro el cual al ser identificado y verificar motor y cuadro de motocicleta se constato adulteraci\u00f3n de numeraci\u00f3n registral del motor. Comunicado UFI del Joven dispuso notificaci\u00f3n de causa al joven y posterior entrega a progenitor.<\/p>\n","protected":false},"excerpt":{"rendered":"<p>Este martes el personal policial procede a aprehender a un joven de 16 a\u00f1os, que circulaba en motocicleta Gilera 110 cc, por calle D\u00e1vila y Bottaro el cual al ser identificado y verificar motor y cuadro de motocicleta se constato adulteraci\u00f3n de numeraci\u00f3n registral del motor. Comunicado UFI del Joven dispuso notificaci\u00f3n de causa al [&hellip;]<\/p>\n","protected":false},"author":4,"featured_media":11797,"comment_status":"open","ping_status":"closed","sticky":false,"template":"","format":"standard","meta":{"om_disable_all_campaigns":false,"_jetpack_memberships_contains_paid_content":false,"footnotes":""},"categories":[2,103],"tags":[],"class_list":["post-31444","post","type-post","status-publish","format-standard","has-post-thumbnail","hentry","category-locales","category-policiales-locales"],"aioseo_notices":[],"gutentor_comment":0,"jetpack_featured_media_url":"https:\/\/eldiariodesanpedro.com.ar\/sitio\/wp-content\/uploads\/2016\/12\/moto-secuestrada.jpg","jetpack_shortlink":"https:\/\/wp.me\/p6RhLt-8ba","jetpack_sharing_enabled":true,"_links":{"self":[{"href":"https:\/\/eldiariodesanpedro.com.ar\/sitio\/wp-json\/wp\/v2\/posts\/31444","targetHints":{"allow":["GET"]}}],"collection":[{"href":"https:\/\/eldiariodesanpedro.com.ar\/sitio\/wp-json\/wp\/v2\/posts"}],"about":[{"href":"https:\/\/eldiariodesanpedro.com.ar\/sitio\/wp-json\/wp\/v2\/types\/post"}],"author":[{"embeddable":true,"href":"https:\/\/eldiariodesanpedro.com.ar\/sitio\/wp-json\/wp\/v2\/users\/4"}],"replies":[{"embeddable":true,"href":"https:\/\/eldiariodesanpedro.com.ar\/sitio\/wp-json\/wp\/v2\/comments?post=31444"}],"version-history":[{"count":1,"href":"https:\/\/eldiariodesanpedro.com.ar\/sitio\/wp-json\/wp\/v2\/posts\/31444\/revisions"}],"predecessor-version":[{"id":31445,"href":"https:\/\/eldiariodesanpedro.com.ar\/sitio\/wp-json\/wp\/v2\/posts\/31444\/revisions\/31445"}],"wp:featuredmedia":[{"embeddable":true,"href":"https:\/\/eldiariodesanpedro.com.ar\/sitio\/wp-json\/wp\/v2\/media\/11797"}],"wp:attachment":[{"href":"https:\/\/eldiariodesanpedro.com.ar\/sitio\/wp-json\/wp\/v2\/media?parent=31444"}],"wp:term":[{"taxonomy":"category","embeddable":true,"href":"https:\/\/eldiariodesanpedro.com.ar\/sitio\/wp-json\/wp\/v2\/categories?post=31444"},{"taxonomy":"post_tag","embeddable":true,"href":"https:\/\/eldiariodesanpedro.com.ar\/sitio\/wp-json\/wp\/v2\/tags?post=31444"}],"curies":[{"name":"wp","href":"https:\/\/api.w.org\/{rel}","templated":true}]}}