{"id":31439,"date":"2018-04-11T09:46:49","date_gmt":"2018-04-11T12:46:49","guid":{"rendered":"https:\/\/eldiariodesanpedro.com.ar\/sitio\/?p=31439"},"modified":"2018-04-11T09:46:49","modified_gmt":"2018-04-11T12:46:49","slug":"reunion-del-centro-de-comercio-turismo-e-industria-con-el-defensor-del-pueblo-de-la-provincia","status":"publish","type":"post","link":"https:\/\/eldiariodesanpedro.com.ar\/sitio\/reunion-del-centro-de-comercio-turismo-e-industria-con-el-defensor-del-pueblo-de-la-provincia\/","title":{"rendered":"Reuni\u00f3n del Centro de Comercio, Turismo e Industria con el Defensor del Pueblo de la Provincia"},"content":{"rendered":"<p><!-- VideographyWP Plugin Message: Automatic video embedding prevented by plugin options. --><br \/>\nLuego de la reuni\u00f3n organizada en San Pedro entre varias c\u00e1maras y centros de comercio de la regi\u00f3n, un grupo de representantes de las entidades de Luj\u00e1n y nuestra ciudad concurri\u00f3 ayer martes 10 a un encuentro con el Defensor del Pueblo de la Provincia de Buenos Aires, Guido Lorenzino.  En La Plata, los dirigentes sampedrinos Mauro Troilo y Daniel Biscia, participaron de esta charla en la que se plantearon todas las aristas del aumento del costo de la energ\u00eda el\u00e9ctrica que viene movilizando a comerciantes y particulares desde hace varios meses.  El funcionario los recibi\u00f3 junto a Jorge Ruesga, Secretario de Servicios P\u00fablicos, Infraestructura y Transporte de la Defensor\u00eda.  <\/p>\n<p>Se presentaron las diferentes gestiones realizadas en cada uno de los municipios y el documento que se elabor\u00f3 despu\u00e9s de la reuni\u00f3n en San Pedro que enumera las mismas preocupaciones comunes en cada localidad.  El Defensor del Pueblo de la Provincia de Buenos Aires coment\u00f3 por su parte la multiplicidad de recursos y acciones interpuestas por este tema que es hoy el m\u00e1s preocupante. Si bien no est\u00e1 dentro de sus atribuciones poder modificar una decisi\u00f3n que corresponde al Estado Nacional, s\u00ed quedaron abiertas brechas a trav\u00e9s de las cu\u00e1les se pueda seguir solicitando que se limpien las facturas para retirar los impuestos y tasas que elevan el costo final.  <\/p>\n<p>Tampoco se trata de algo sencillo, coment\u00f3 el Presidente del CCIT Mauro Troilo, no obstante, la \u00fanica manera de, al menos, frenar nuevos aumentos es mantenerse activos en todos los espacios de reclamo.  Otro de los \u00edndices que hoy suma mayor volumen a la factura es la aplicaci\u00f3n de un 15% que hab\u00eda sido otorgado como aumento el a\u00f1o pasado y que luego de ser frenado con un Recurso de Amparo, ahora tambi\u00e9n compone el costo total que pagan tanto los usuarios de cooperativas como de empresas.  Desde el Centro de Comercio de San Pedro se le solicit\u00f3 a la Defensor\u00eda la m\u00e1xima acci\u00f3n posible, no s\u00f3lo en el plano nacional y provincial, sino tambi\u00e9n en las municipalidades donde los efectos de estos ajustes son sumamente preocupantes. En este punto se inform\u00f3 tambi\u00e9n que a trav\u00e9s de una solicitud al gobierno municipal se ha pedido a nivel local la Declaraci\u00f3n de la Emergencia Tarifaria. Finalmente se acord\u00f3 intercambiar toda la informaci\u00f3n sobre recursos y acciones grupales y particulares en el mismo sentido para contar la m\u00e1xima cantidad de elementos posibles.  Las conclusiones de la reuni\u00f3n ser\u00e1n planteadas adem\u00e1s en la pr\u00f3xima reuni\u00f3n de C\u00e1maras y Centros de la regi\u00f3n convocada para el mes de Mayo. <\/p>\n","protected":false},"excerpt":{"rendered":"<p>Luego de la reuni\u00f3n organizada en San Pedro entre varias c\u00e1maras y centros de comercio de la regi\u00f3n, un grupo de representantes de las entidades de Luj\u00e1n y nuestra ciudad concurri\u00f3 ayer martes 10 a un encuentro con el Defensor del Pueblo de la Provincia de Buenos Aires, Guido Lorenzino. En La Plata, los dirigentes [&hellip;]<\/p>\n","protected":false},"author":4,"featured_media":31440,"comment_status":"open","ping_status":"closed","sticky":false,"template":"","format":"standard","meta":{"om_disable_all_campaigns":false,"_jetpack_memberships_contains_paid_content":false,"footnotes":""},"categories":[101,2],"tags":[],"class_list":["post-31439","post","type-post","status-publish","format-standard","has-post-thumbnail","hentry","category-interes-general-locales","category-locales"],"aioseo_notices":[],"gutentor_comment":0,"jetpack_featured_media_url":"https:\/\/eldiariodesanpedro.com.ar\/sitio\/wp-content\/uploads\/2018\/04\/bbx_60007659_01__86_.jpg","jetpack_shortlink":"https:\/\/wp.me\/p6RhLt-8b5","jetpack_sharing_enabled":true,"_links":{"self":[{"href":"https:\/\/eldiariodesanpedro.com.ar\/sitio\/wp-json\/wp\/v2\/posts\/31439","targetHints":{"allow":["GET"]}}],"collection":[{"href":"https:\/\/eldiariodesanpedro.com.ar\/sitio\/wp-json\/wp\/v2\/posts"}],"about":[{"href":"https:\/\/eldiariodesanpedro.com.ar\/sitio\/wp-json\/wp\/v2\/types\/post"}],"author":[{"embeddable":true,"href":"https:\/\/eldiariodesanpedro.com.ar\/sitio\/wp-json\/wp\/v2\/users\/4"}],"replies":[{"embeddable":true,"href":"https:\/\/eldiariodesanpedro.com.ar\/sitio\/wp-json\/wp\/v2\/comments?post=31439"}],"version-history":[{"count":1,"href":"https:\/\/eldiariodesanpedro.com.ar\/sitio\/wp-json\/wp\/v2\/posts\/31439\/revisions"}],"predecessor-version":[{"id":31441,"href":"https:\/\/eldiariodesanpedro.com.ar\/sitio\/wp-json\/wp\/v2\/posts\/31439\/revisions\/31441"}],"wp:featuredmedia":[{"embeddable":true,"href":"https:\/\/eldiariodesanpedro.com.ar\/sitio\/wp-json\/wp\/v2\/media\/31440"}],"wp:attachment":[{"href":"https:\/\/eldiariodesanpedro.com.ar\/sitio\/wp-json\/wp\/v2\/media?parent=31439"}],"wp:term":[{"taxonomy":"category","embeddable":true,"href":"https:\/\/eldiariodesanpedro.com.ar\/sitio\/wp-json\/wp\/v2\/categories?post=31439"},{"taxonomy":"post_tag","embeddable":true,"href":"https:\/\/eldiariodesanpedro.com.ar\/sitio\/wp-json\/wp\/v2\/tags?post=31439"}],"curies":[{"name":"wp","href":"https:\/\/api.w.org\/{rel}","templated":true}]}}