{"id":31433,"date":"2018-04-10T20:43:24","date_gmt":"2018-04-10T23:43:24","guid":{"rendered":"https:\/\/eldiariodesanpedro.com.ar\/sitio\/?p=31433"},"modified":"2026-01-24T00:16:32","modified_gmt":"2026-01-24T03:16:32","slug":"medio-ironman-70-3-cuatro-atletas-en-punta-del-este","status":"publish","type":"post","link":"https:\/\/eldiariodesanpedro.com.ar\/sitio\/medio-ironman-70-3-cuatro-atletas-en-punta-del-este\/","title":{"rendered":"MEDIO IRONMAN 70.3: Cuatro atletas en Punta del Este"},"content":{"rendered":"<p><!-- VideographyWP Plugin Message: Automatic video embedding prevented by plugin options. --><br \/>\n  Cuatro atletas de San Pedro estuvieron presentes en la cuarta edici\u00f3n del Ironman 70.3 de Punta del Este, Uruguay, logrando cerrar con excelentes resultados en un Medio Ironman de gran nivel que convoc\u00f3 a los mejores de Sudam\u00e9rica nivel amateur que buscaban una de las 30 plazas para el Campeonato Mundial 2018 a realizarse en Sud\u00e1frica.  Gonzalo Acosta de Argentina el ganador, seguido por Sebasti\u00e1n Arrastive y Junior Mansilla. En mujeres la ganadora Luisina Viletto, tambi\u00e9n de nuestro pa\u00eds.  Alrededor de 700 atletas se dieron cita en la ciudad balnearia.<\/p>\n<p><strong>Resultados:<\/strong><br \/>\nNicol\u00e1s Chipolini 4h40m,<br \/>\nGerardo Gord\u00f3, 5h 11m<br \/>\nJavier Panatteri, 5h 40m<br \/>\nLeonardo Bergoll, 6h 06m.<\/p>\n<p><img decoding=\"async\" data-attachment-id=\"31436\" data-permalink=\"https:\/\/eldiariodesanpedro.com.ar\/sitio\/medio-ironman-70-3-cuatro-atletas-en-punta-del-este\/atletas-del-club-pescadores-junto-a-su-entrenador-alejandro-domenge\/\" data-orig-file=\"https:\/\/eldiariodesanpedro.com.ar\/sitio\/wp-content\/uploads\/2018\/04\/Atletas-del-club-pescadores-junto-a-su-entrenador-Alejandro-Domenge.jpg\" data-orig-size=\"1080,608\" data-comments-opened=\"1\" data-image-meta=\"{&quot;aperture&quot;:&quot;0&quot;,&quot;credit&quot;:&quot;&quot;,&quot;camera&quot;:&quot;&quot;,&quot;caption&quot;:&quot;&quot;,&quot;created_timestamp&quot;:&quot;0&quot;,&quot;copyright&quot;:&quot;&quot;,&quot;focal_length&quot;:&quot;0&quot;,&quot;iso&quot;:&quot;0&quot;,&quot;shutter_speed&quot;:&quot;0&quot;,&quot;title&quot;:&quot;&quot;,&quot;orientation&quot;:&quot;0&quot;}\" data-image-title=\"Atletas del club pescadores junto a su entrenador Alejandro Domenge\" data-image-description=\"\" data-image-caption=\"\" data-large-file=\"https:\/\/eldiariodesanpedro.com.ar\/sitio\/wp-content\/uploads\/2018\/04\/Atletas-del-club-pescadores-junto-a-su-entrenador-Alejandro-Domenge-1024x576.jpg\" data-src=\"https:\/\/eldiariodesanpedro.com.ar\/sitio\/wp-content\/uploads\/2018\/04\/Atletas-del-club-pescadores-junto-a-su-entrenador-Alejandro-Domenge-1024x576.jpg\" alt=\"\" width=\"660\" height=\"371\" class=\"alignnone size-large wp-image-31436 lazyload\" data-srcset=\"https:\/\/eldiariodesanpedro.com.ar\/sitio\/wp-content\/uploads\/2018\/04\/Atletas-del-club-pescadores-junto-a-su-entrenador-Alejandro-Domenge-1024x576.jpg 1024w, https:\/\/eldiariodesanpedro.com.ar\/sitio\/wp-content\/uploads\/2018\/04\/Atletas-del-club-pescadores-junto-a-su-entrenador-Alejandro-Domenge-300x169.jpg 300w, https:\/\/eldiariodesanpedro.com.ar\/sitio\/wp-content\/uploads\/2018\/04\/Atletas-del-club-pescadores-junto-a-su-entrenador-Alejandro-Domenge-768x432.jpg 768w, https:\/\/eldiariodesanpedro.com.ar\/sitio\/wp-content\/uploads\/2018\/04\/Atletas-del-club-pescadores-junto-a-su-entrenador-Alejandro-Domenge.jpg 1080w\" data-sizes=\"(max-width: 660px) 100vw, 660px\" src=\"data:image\/svg+xml;base64,PHN2ZyB3aWR0aD0iMSIgaGVpZ2h0PSIxIiB4bWxucz0iaHR0cDovL3d3dy53My5vcmcvMjAwMC9zdmciPjwvc3ZnPg==\" style=\"--smush-placeholder-width: 660px; --smush-placeholder-aspect-ratio: 660\/371;\" \/><\/p>\n","protected":false},"excerpt":{"rendered":"<p>Cuatro atletas de San Pedro estuvieron presentes en la cuarta edici\u00f3n del Ironman 70.3 de Punta del Este, Uruguay, logrando cerrar con excelentes resultados en un Medio Ironman de gran nivel que convoc\u00f3 a los mejores de Sudam\u00e9rica nivel amateur que buscaban una de las 30 plazas para el Campeonato Mundial 2018 a realizarse en [&hellip;]<\/p>\n","protected":false},"author":4,"featured_media":31435,"comment_status":"open","ping_status":"closed","sticky":false,"template":"","format":"standard","meta":{"om_disable_all_campaigns":false,"_jetpack_memberships_contains_paid_content":false,"footnotes":""},"categories":[5],"tags":[],"class_list":["post-31433","post","type-post","status-publish","format-standard","has-post-thumbnail","hentry","category-deportes"],"aioseo_notices":[],"gutentor_comment":0,"jetpack_featured_media_url":"https:\/\/eldiariodesanpedro.com.ar\/sitio\/wp-content\/uploads\/2018\/04\/Los-cuatro-atletas-en-la-ciudad-uruguaya.jpg","jetpack_shortlink":"https:\/\/wp.me\/p6RhLt-8aZ","jetpack_sharing_enabled":true,"_links":{"self":[{"href":"https:\/\/eldiariodesanpedro.com.ar\/sitio\/wp-json\/wp\/v2\/posts\/31433","targetHints":{"allow":["GET"]}}],"collection":[{"href":"https:\/\/eldiariodesanpedro.com.ar\/sitio\/wp-json\/wp\/v2\/posts"}],"about":[{"href":"https:\/\/eldiariodesanpedro.com.ar\/sitio\/wp-json\/wp\/v2\/types\/post"}],"author":[{"embeddable":true,"href":"https:\/\/eldiariodesanpedro.com.ar\/sitio\/wp-json\/wp\/v2\/users\/4"}],"replies":[{"embeddable":true,"href":"https:\/\/eldiariodesanpedro.com.ar\/sitio\/wp-json\/wp\/v2\/comments?post=31433"}],"version-history":[{"count":1,"href":"https:\/\/eldiariodesanpedro.com.ar\/sitio\/wp-json\/wp\/v2\/posts\/31433\/revisions"}],"predecessor-version":[{"id":31437,"href":"https:\/\/eldiariodesanpedro.com.ar\/sitio\/wp-json\/wp\/v2\/posts\/31433\/revisions\/31437"}],"wp:featuredmedia":[{"embeddable":true,"href":"https:\/\/eldiariodesanpedro.com.ar\/sitio\/wp-json\/wp\/v2\/media\/31435"}],"wp:attachment":[{"href":"https:\/\/eldiariodesanpedro.com.ar\/sitio\/wp-json\/wp\/v2\/media?parent=31433"}],"wp:term":[{"taxonomy":"category","embeddable":true,"href":"https:\/\/eldiariodesanpedro.com.ar\/sitio\/wp-json\/wp\/v2\/categories?post=31433"},{"taxonomy":"post_tag","embeddable":true,"href":"https:\/\/eldiariodesanpedro.com.ar\/sitio\/wp-json\/wp\/v2\/tags?post=31433"}],"curies":[{"name":"wp","href":"https:\/\/api.w.org\/{rel}","templated":true}]}}