{"id":31430,"date":"2018-04-10T20:41:19","date_gmt":"2018-04-10T23:41:19","guid":{"rendered":"https:\/\/eldiariodesanpedro.com.ar\/sitio\/?p=31430"},"modified":"2026-01-24T00:16:32","modified_gmt":"2026-01-24T03:16:32","slug":"patin-artistico-baca-y-paez-tambien-van-por-el-nacional","status":"publish","type":"post","link":"https:\/\/eldiariodesanpedro.com.ar\/sitio\/patin-artistico-baca-y-paez-tambien-van-por-el-nacional\/","title":{"rendered":"PAT\u00cdN ART\u00cdSTICO: Baca y P\u00e1ez tambi\u00e9n van por el Nacional"},"content":{"rendered":"<p><!-- VideographyWP Plugin Message: Automatic video embedding prevented by plugin options. --><br \/>\n  Dos patinadoras de Paran\u00e1 FC que conduce Carina Ruiz participaron este s\u00e1bado en el Club Juventud de Tapiales del \u201cMetropolitano para Federadas\u201d de la Confederaci\u00f3n Argentina de Pat\u00edn, logrando en la previa de un importante certamen ubicarse Sof\u00eda Baca en el 3er. puesto Promocional \u00abB\u00bb y Alisa P\u00e1ez 4to. puesto en 3ra.\u00bbB\u00bb. <\/p>\n<p>  El pr\u00f3ximo domingo en el Polideportivo Municipal \u201cPredio Alberto Balestrini\u201d, ubicado en La Matanza, participar\u00e1n del clasificatorio para los Nacionales, entre ellos el de San Juan, donde ya tres patinadoras sampedrinas clasificaron, adelanto de El Diario en la edici\u00f3n del martes. <\/p>\n","protected":false},"excerpt":{"rendered":"<p>Dos patinadoras de Paran\u00e1 FC que conduce Carina Ruiz participaron este s\u00e1bado en el Club Juventud de Tapiales del \u201cMetropolitano para Federadas\u201d de la Confederaci\u00f3n Argentina de Pat\u00edn, logrando en la previa de un importante certamen ubicarse Sof\u00eda Baca en el 3er. puesto Promocional \u00abB\u00bb y Alisa P\u00e1ez 4to. puesto en 3ra.\u00bbB\u00bb. El pr\u00f3ximo domingo [&hellip;]<\/p>\n","protected":false},"author":4,"featured_media":31432,"comment_status":"open","ping_status":"closed","sticky":false,"template":"","format":"standard","meta":{"om_disable_all_campaigns":false,"_jetpack_memberships_contains_paid_content":false,"footnotes":""},"categories":[5],"tags":[],"class_list":["post-31430","post","type-post","status-publish","format-standard","has-post-thumbnail","hentry","category-deportes"],"aioseo_notices":[],"gutentor_comment":0,"jetpack_featured_media_url":"https:\/\/eldiariodesanpedro.com.ar\/sitio\/wp-content\/uploads\/2018\/04\/Baca-Ruiz-y-P\u00e1ez-patinadoras-y-profesora-de-Paran\u00e1-FC.jpg","jetpack_shortlink":"https:\/\/wp.me\/p6RhLt-8aW","jetpack_sharing_enabled":true,"_links":{"self":[{"href":"https:\/\/eldiariodesanpedro.com.ar\/sitio\/wp-json\/wp\/v2\/posts\/31430","targetHints":{"allow":["GET"]}}],"collection":[{"href":"https:\/\/eldiariodesanpedro.com.ar\/sitio\/wp-json\/wp\/v2\/posts"}],"about":[{"href":"https:\/\/eldiariodesanpedro.com.ar\/sitio\/wp-json\/wp\/v2\/types\/post"}],"author":[{"embeddable":true,"href":"https:\/\/eldiariodesanpedro.com.ar\/sitio\/wp-json\/wp\/v2\/users\/4"}],"replies":[{"embeddable":true,"href":"https:\/\/eldiariodesanpedro.com.ar\/sitio\/wp-json\/wp\/v2\/comments?post=31430"}],"version-history":[{"count":1,"href":"https:\/\/eldiariodesanpedro.com.ar\/sitio\/wp-json\/wp\/v2\/posts\/31430\/revisions"}],"predecessor-version":[{"id":31434,"href":"https:\/\/eldiariodesanpedro.com.ar\/sitio\/wp-json\/wp\/v2\/posts\/31430\/revisions\/31434"}],"wp:featuredmedia":[{"embeddable":true,"href":"https:\/\/eldiariodesanpedro.com.ar\/sitio\/wp-json\/wp\/v2\/media\/31432"}],"wp:attachment":[{"href":"https:\/\/eldiariodesanpedro.com.ar\/sitio\/wp-json\/wp\/v2\/media?parent=31430"}],"wp:term":[{"taxonomy":"category","embeddable":true,"href":"https:\/\/eldiariodesanpedro.com.ar\/sitio\/wp-json\/wp\/v2\/categories?post=31430"},{"taxonomy":"post_tag","embeddable":true,"href":"https:\/\/eldiariodesanpedro.com.ar\/sitio\/wp-json\/wp\/v2\/tags?post=31430"}],"curies":[{"name":"wp","href":"https:\/\/api.w.org\/{rel}","templated":true}]}}