{"id":31423,"date":"2018-04-10T20:38:03","date_gmt":"2018-04-10T23:38:03","guid":{"rendered":"https:\/\/eldiariodesanpedro.com.ar\/sitio\/?p=31423"},"modified":"2018-04-10T20:38:03","modified_gmt":"2018-04-10T23:38:03","slug":"baradero-ya-se-labran-multas-por-estacionamiento-en-calle-anchorena","status":"publish","type":"post","link":"https:\/\/eldiariodesanpedro.com.ar\/sitio\/baradero-ya-se-labran-multas-por-estacionamiento-en-calle-anchorena\/","title":{"rendered":"BARADERO: Ya se labran multas por estacionamiento en calle Anchorena"},"content":{"rendered":"<p><!-- VideographyWP Plugin Message: Automatic video embedding prevented by plugin options. --><br \/>\n  As\u00ed lo remarc\u00f3 el Director General de Inspecci\u00f3n y Seguridad, Alejandro Messina en 105.7 Tu Radio este s\u00e1bado. \u201cComo hab\u00edamos anunciado con anterioridad la vigencia de la ordenanza est\u00e1, est\u00e1n colocados los carteles. Ya es de p\u00fablico conocimiento que sobre la calle Anchorena no se puede estacionar\u201d.<\/p>\n<p>  Sobre esta decisi\u00f3n, manifest\u00f3 \u201cse dio un tiempo en el que hubo un trabajo de notificaci\u00f3n\u201d. Adem\u00e1s, dijo que instalaron una nueva c\u00e1mara en la zona \u201cque nos va a dar soporte para foto-multas\u201d agreg\u00f3.<\/p>\n<p>  Respecto del enojo de los comerciantes sobre la prohibici\u00f3n de estacionamiento en la zona de la nueva obra de calle Anchorena, expres\u00f3 \u201cel concejo dicta una nueva ordenanza, y yo tengo que ejecutarla y cumplirla (\u2026) yo hago lo que me dicen que tengo que hacer\u201d.<\/p>\n<p>  A su vez, habl\u00f3 de la cantidad de trabajadores en dicha \u00e1rea, lo que fue uno de los motivos de conflicto en la gesti\u00f3n del anterior director, cont\u00f3:<\/p>\n<p>  \u201cSe hizo una gesti\u00f3n de b\u00fasqueda interna, como hay personas de licencia estoy esperando que esa gente vuelva para que las personas que yo seleccione vengan al \u00e1rea\u201d.<\/p>\n<p>  De hecho, sobre la cantidad de personal en tr\u00e1nsito en la gesti\u00f3n de Jorge Ortega, reconoci\u00f3 \u201cla escasez de recursos para un \u00e1rea tan sensible era un problema, estamos tratando de solucionarlo\u201d.<\/p>\n<p>Fuente: Baradero Te Informa<\/p>\n","protected":false},"excerpt":{"rendered":"<p>As\u00ed lo remarc\u00f3 el Director General de Inspecci\u00f3n y Seguridad, Alejandro Messina en 105.7 Tu Radio este s\u00e1bado. \u201cComo hab\u00edamos anunciado con anterioridad la vigencia de la ordenanza est\u00e1, est\u00e1n colocados los carteles. Ya es de p\u00fablico conocimiento que sobre la calle Anchorena no se puede estacionar\u201d. Sobre esta decisi\u00f3n, manifest\u00f3 \u201cse dio un tiempo [&hellip;]<\/p>\n","protected":false},"author":4,"featured_media":31425,"comment_status":"open","ping_status":"closed","sticky":false,"template":"","format":"standard","meta":{"om_disable_all_campaigns":false,"_jetpack_memberships_contains_paid_content":false,"footnotes":""},"categories":[621],"tags":[],"class_list":["post-31423","post","type-post","status-publish","format-standard","has-post-thumbnail","hentry","category-regionales"],"aioseo_notices":[],"gutentor_comment":0,"jetpack_featured_media_url":"https:\/\/eldiariodesanpedro.com.ar\/sitio\/wp-content\/uploads\/2018\/04\/Estacionamiento-contralado.jpg","jetpack_shortlink":"https:\/\/wp.me\/p6RhLt-8aP","jetpack_sharing_enabled":true,"_links":{"self":[{"href":"https:\/\/eldiariodesanpedro.com.ar\/sitio\/wp-json\/wp\/v2\/posts\/31423","targetHints":{"allow":["GET"]}}],"collection":[{"href":"https:\/\/eldiariodesanpedro.com.ar\/sitio\/wp-json\/wp\/v2\/posts"}],"about":[{"href":"https:\/\/eldiariodesanpedro.com.ar\/sitio\/wp-json\/wp\/v2\/types\/post"}],"author":[{"embeddable":true,"href":"https:\/\/eldiariodesanpedro.com.ar\/sitio\/wp-json\/wp\/v2\/users\/4"}],"replies":[{"embeddable":true,"href":"https:\/\/eldiariodesanpedro.com.ar\/sitio\/wp-json\/wp\/v2\/comments?post=31423"}],"version-history":[{"count":1,"href":"https:\/\/eldiariodesanpedro.com.ar\/sitio\/wp-json\/wp\/v2\/posts\/31423\/revisions"}],"predecessor-version":[{"id":31427,"href":"https:\/\/eldiariodesanpedro.com.ar\/sitio\/wp-json\/wp\/v2\/posts\/31423\/revisions\/31427"}],"wp:featuredmedia":[{"embeddable":true,"href":"https:\/\/eldiariodesanpedro.com.ar\/sitio\/wp-json\/wp\/v2\/media\/31425"}],"wp:attachment":[{"href":"https:\/\/eldiariodesanpedro.com.ar\/sitio\/wp-json\/wp\/v2\/media?parent=31423"}],"wp:term":[{"taxonomy":"category","embeddable":true,"href":"https:\/\/eldiariodesanpedro.com.ar\/sitio\/wp-json\/wp\/v2\/categories?post=31423"},{"taxonomy":"post_tag","embeddable":true,"href":"https:\/\/eldiariodesanpedro.com.ar\/sitio\/wp-json\/wp\/v2\/tags?post=31423"}],"curies":[{"name":"wp","href":"https:\/\/api.w.org\/{rel}","templated":true}]}}