{"id":31420,"date":"2018-04-10T20:37:47","date_gmt":"2018-04-10T23:37:47","guid":{"rendered":"https:\/\/eldiariodesanpedro.com.ar\/sitio\/?p=31420"},"modified":"2018-04-10T20:37:47","modified_gmt":"2018-04-10T23:37:47","slug":"arrecifes-le-robaron-a-otra-mujer-con-el-cuento-del-tio","status":"publish","type":"post","link":"https:\/\/eldiariodesanpedro.com.ar\/sitio\/arrecifes-le-robaron-a-otra-mujer-con-el-cuento-del-tio\/","title":{"rendered":"ARRECIFES: Le robaron a otra mujer con el cuento del t\u00edo"},"content":{"rendered":"<p><!-- VideographyWP Plugin Message: Automatic video embedding prevented by plugin options. --><br \/>\n  La Polic\u00eda de Arrecifes inform\u00f3 que a las 20:00 hs. de este domingo recibi\u00f3 un llamado denunciando que una se\u00f1ora mayor de edad fue nueva v\u00edctima del \u201cCuento del T\u00edo\u201d. <\/p>\n<p>  En su domicilio de calle Rivadavia, la mujer fue enga\u00f1ada cuando se comunicaron con ella por tel\u00e9fono para que le haga entrega de un sobre con dinero en efectivo a un masculino.<\/p>\n<p>  Se iniciaron las investigaciones correspondientes, con intervenci\u00f3n de la UFI 1 de San Nicol\u00e1s.<\/p>\n<p>Fuente: Arrecifes Noticias<\/p>\n","protected":false},"excerpt":{"rendered":"<p>La Polic\u00eda de Arrecifes inform\u00f3 que a las 20:00 hs. de este domingo recibi\u00f3 un llamado denunciando que una se\u00f1ora mayor de edad fue nueva v\u00edctima del \u201cCuento del T\u00edo\u201d. En su domicilio de calle Rivadavia, la mujer fue enga\u00f1ada cuando se comunicaron con ella por tel\u00e9fono para que le haga entrega de un sobre [&hellip;]<\/p>\n","protected":false},"author":4,"featured_media":31424,"comment_status":"open","ping_status":"closed","sticky":false,"template":"","format":"standard","meta":{"om_disable_all_campaigns":false,"_jetpack_memberships_contains_paid_content":false,"footnotes":""},"categories":[621],"tags":[],"class_list":["post-31420","post","type-post","status-publish","format-standard","has-post-thumbnail","hentry","category-regionales"],"aioseo_notices":[],"gutentor_comment":0,"jetpack_featured_media_url":"https:\/\/eldiariodesanpedro.com.ar\/sitio\/wp-content\/uploads\/2018\/04\/Cuento-del-tio.jpg","jetpack_shortlink":"https:\/\/wp.me\/p6RhLt-8aM","jetpack_sharing_enabled":true,"_links":{"self":[{"href":"https:\/\/eldiariodesanpedro.com.ar\/sitio\/wp-json\/wp\/v2\/posts\/31420","targetHints":{"allow":["GET"]}}],"collection":[{"href":"https:\/\/eldiariodesanpedro.com.ar\/sitio\/wp-json\/wp\/v2\/posts"}],"about":[{"href":"https:\/\/eldiariodesanpedro.com.ar\/sitio\/wp-json\/wp\/v2\/types\/post"}],"author":[{"embeddable":true,"href":"https:\/\/eldiariodesanpedro.com.ar\/sitio\/wp-json\/wp\/v2\/users\/4"}],"replies":[{"embeddable":true,"href":"https:\/\/eldiariodesanpedro.com.ar\/sitio\/wp-json\/wp\/v2\/comments?post=31420"}],"version-history":[{"count":1,"href":"https:\/\/eldiariodesanpedro.com.ar\/sitio\/wp-json\/wp\/v2\/posts\/31420\/revisions"}],"predecessor-version":[{"id":31426,"href":"https:\/\/eldiariodesanpedro.com.ar\/sitio\/wp-json\/wp\/v2\/posts\/31420\/revisions\/31426"}],"wp:featuredmedia":[{"embeddable":true,"href":"https:\/\/eldiariodesanpedro.com.ar\/sitio\/wp-json\/wp\/v2\/media\/31424"}],"wp:attachment":[{"href":"https:\/\/eldiariodesanpedro.com.ar\/sitio\/wp-json\/wp\/v2\/media?parent=31420"}],"wp:term":[{"taxonomy":"category","embeddable":true,"href":"https:\/\/eldiariodesanpedro.com.ar\/sitio\/wp-json\/wp\/v2\/categories?post=31420"},{"taxonomy":"post_tag","embeddable":true,"href":"https:\/\/eldiariodesanpedro.com.ar\/sitio\/wp-json\/wp\/v2\/tags?post=31420"}],"curies":[{"name":"wp","href":"https:\/\/api.w.org\/{rel}","templated":true}]}}