{"id":31416,"date":"2018-04-10T20:36:08","date_gmt":"2018-04-10T23:36:08","guid":{"rendered":"https:\/\/eldiariodesanpedro.com.ar\/sitio\/?p=31416"},"modified":"2018-04-10T20:36:08","modified_gmt":"2018-04-10T23:36:08","slug":"san-nicolas-anuncios-por-acto-del-aniversario-de-la-ciudad","status":"publish","type":"post","link":"https:\/\/eldiariodesanpedro.com.ar\/sitio\/san-nicolas-anuncios-por-acto-del-aniversario-de-la-ciudad\/","title":{"rendered":"SAN NICOL\u00c1S: Anuncios por acto del aniversario de la ciudad"},"content":{"rendered":"<p><!-- VideographyWP Plugin Message: Automatic video embedding prevented by plugin options. --><br \/>\nDurante el desarrollo de las actividades por los 270 a\u00f1os de la ciudad, se mantendr\u00e1n cortadas algunas calles. Adem\u00e1s, los alumnos que asistan tendr\u00e1n el boleto de colectivo gratuito para trasladarse hasta el lugar del evento.<\/p>\n<p>  La Municipalidad inform\u00f3 que el 14 de abril, durante el desarrollo de las actividades por el 270\u00ba a\u00f1os de la ciudad, se mantendr\u00e1n algunas calles cortadas por lo que se pide la colaboraci\u00f3n de los vecinos de la zona para que dichas actividades se puedan realizar con normalidad.<\/p>\n<p>  Las calles afectadas y horarios donde no se podr\u00e1 transitar ni estacionar son los siguientes:<\/p>\n<p>&#8211; De 6 a 13 hs. estar\u00e1n cortadas al tr\u00e1nsito calle Col\u00f3n entre Falc\u00f3n y Garibaldi y sus transversales hasta Alem; Necochea se mantendr\u00e1 cortada entre Rivadavia y Alem.<br \/>\n&#8211; De 14 a 22 hs. estar\u00e1 cortada calle Col\u00f3n entre Espa\u00f1a y Falc\u00f3n, y sus transversales hasta Alem.<\/p>\n<p>  Por otra parte, desde el Municipio informaron que los alumnos que asistan al acto tendr\u00e1n el boleto de colectivo gratuito para trasladarse hasta el lugar del evento. El \u00fanico requisito para acceder al beneficio es que lleven uniforme o guardapolvo y que se trasladen en el horario de la ma\u00f1ana.<\/p>\n<p>  El s\u00e1bado 14 de abril a las 10:30 se realizar\u00e1 el desfile c\u00edvico-militar con la presencia del Regimiento de Granaderos a Caballo del General San Martin \u201cFanfarria Alto Per\u00fa\u201d y la formaci\u00f3n de las banderas de las instituciones de los distintos niveles educativos de la ciudad.<\/p>\n<p>  La Municipalidad de San Nicol\u00e1s pide disculpas a los ciudadanos por las molestias que pueda ocasionar el desarrollo de las actividades por el aniversario de la ciudad.<\/p>\n<p>Fuente: diario El Informante<\/p>\n","protected":false},"excerpt":{"rendered":"<p>Durante el desarrollo de las actividades por los 270 a\u00f1os de la ciudad, se mantendr\u00e1n cortadas algunas calles. Adem\u00e1s, los alumnos que asistan tendr\u00e1n el boleto de colectivo gratuito para trasladarse hasta el lugar del evento. La Municipalidad inform\u00f3 que el 14 de abril, durante el desarrollo de las actividades por el 270\u00ba a\u00f1os de [&hellip;]<\/p>\n","protected":false},"author":4,"featured_media":31418,"comment_status":"open","ping_status":"closed","sticky":false,"template":"","format":"standard","meta":{"om_disable_all_campaigns":false,"_jetpack_memberships_contains_paid_content":false,"footnotes":""},"categories":[621],"tags":[],"class_list":["post-31416","post","type-post","status-publish","format-standard","has-post-thumbnail","hentry","category-regionales"],"aioseo_notices":[],"gutentor_comment":0,"jetpack_featured_media_url":"https:\/\/eldiariodesanpedro.com.ar\/sitio\/wp-content\/uploads\/2018\/04\/aerea-san-nicolas.jpg","jetpack_shortlink":"https:\/\/wp.me\/p6RhLt-8aI","jetpack_sharing_enabled":true,"_links":{"self":[{"href":"https:\/\/eldiariodesanpedro.com.ar\/sitio\/wp-json\/wp\/v2\/posts\/31416","targetHints":{"allow":["GET"]}}],"collection":[{"href":"https:\/\/eldiariodesanpedro.com.ar\/sitio\/wp-json\/wp\/v2\/posts"}],"about":[{"href":"https:\/\/eldiariodesanpedro.com.ar\/sitio\/wp-json\/wp\/v2\/types\/post"}],"author":[{"embeddable":true,"href":"https:\/\/eldiariodesanpedro.com.ar\/sitio\/wp-json\/wp\/v2\/users\/4"}],"replies":[{"embeddable":true,"href":"https:\/\/eldiariodesanpedro.com.ar\/sitio\/wp-json\/wp\/v2\/comments?post=31416"}],"version-history":[{"count":1,"href":"https:\/\/eldiariodesanpedro.com.ar\/sitio\/wp-json\/wp\/v2\/posts\/31416\/revisions"}],"predecessor-version":[{"id":31421,"href":"https:\/\/eldiariodesanpedro.com.ar\/sitio\/wp-json\/wp\/v2\/posts\/31416\/revisions\/31421"}],"wp:featuredmedia":[{"embeddable":true,"href":"https:\/\/eldiariodesanpedro.com.ar\/sitio\/wp-json\/wp\/v2\/media\/31418"}],"wp:attachment":[{"href":"https:\/\/eldiariodesanpedro.com.ar\/sitio\/wp-json\/wp\/v2\/media?parent=31416"}],"wp:term":[{"taxonomy":"category","embeddable":true,"href":"https:\/\/eldiariodesanpedro.com.ar\/sitio\/wp-json\/wp\/v2\/categories?post=31416"},{"taxonomy":"post_tag","embeddable":true,"href":"https:\/\/eldiariodesanpedro.com.ar\/sitio\/wp-json\/wp\/v2\/tags?post=31416"}],"curies":[{"name":"wp","href":"https:\/\/api.w.org\/{rel}","templated":true}]}}