{"id":31413,"date":"2018-04-10T20:33:51","date_gmt":"2018-04-10T23:33:51","guid":{"rendered":"https:\/\/eldiariodesanpedro.com.ar\/sitio\/?p=31413"},"modified":"2018-04-10T20:33:51","modified_gmt":"2018-04-10T23:33:51","slug":"rojas-choque-entre-camioneta-y-automovil-en-ruta-provincial-41","status":"publish","type":"post","link":"https:\/\/eldiariodesanpedro.com.ar\/sitio\/rojas-choque-entre-camioneta-y-automovil-en-ruta-provincial-41\/","title":{"rendered":"ROJAS: Choque entre camioneta y autom\u00f3vil en Ruta Provincial 41"},"content":{"rendered":"<p><!-- VideographyWP Plugin Message: Automatic video embedding prevented by plugin options. --><br \/>\nEn la madrugada del lunes se produjo un choque entre una camioneta Ford Ranger y un Chevrolet Astra en Ruta Provincial 41 a la altura del aer\u00f3dromo.<\/p>\n<p>  \u201cSe encontraron dos veh\u00edculos sobre la banquina, mano Villa L\u00eda &#8211; Areco. Intervino polic\u00eda y personal del Hospital. Fue un impacto por la parte trasera\u201d, coment\u00f3 Jos\u00e9 Luis Sceppacuercia desde Bomberos Voluntarios.<\/p>\n<p>  El hecho involucr\u00f3 a Claudio Caminos de 29 a\u00f1os, quien sufri\u00f3 traumatismo de antebrazo izquierdo, Carlos Guerrieri que result\u00f3 con traumatismo cervical, Luciano Fern\u00e1ndez de 36 a\u00f1os con traumatismos varios, Patricia Echeverr\u00eda de 44 A\u00f1os y Santiago Redondo a los cuales se le debieron realizar radiograf\u00edas de control. <\/p>\n<p>  Todos oriundos de Navarro, Suipacha y Pergamino, se les realizaron los estudios correspondientes que arrojaron resultados negativos, por lo que no fueron necesarias internaciones ya que, se encontraban en buenas condiciones de salud.<\/p>\n<p>Fuente: boscoproducciones.com.ar<\/p>\n","protected":false},"excerpt":{"rendered":"<p>En la madrugada del lunes se produjo un choque entre una camioneta Ford Ranger y un Chevrolet Astra en Ruta Provincial 41 a la altura del aer\u00f3dromo. \u201cSe encontraron dos veh\u00edculos sobre la banquina, mano Villa L\u00eda &#8211; Areco. Intervino polic\u00eda y personal del Hospital. Fue un impacto por la parte trasera\u201d, coment\u00f3 Jos\u00e9 Luis [&hellip;]<\/p>\n","protected":false},"author":4,"featured_media":31415,"comment_status":"open","ping_status":"closed","sticky":false,"template":"","format":"standard","meta":{"om_disable_all_campaigns":false,"_jetpack_memberships_contains_paid_content":false,"footnotes":""},"categories":[621],"tags":[],"class_list":["post-31413","post","type-post","status-publish","format-standard","has-post-thumbnail","hentry","category-regionales"],"aioseo_notices":[],"gutentor_comment":0,"jetpack_featured_media_url":"https:\/\/eldiariodesanpedro.com.ar\/sitio\/wp-content\/uploads\/2018\/04\/Uno-de-los-autos-involucrados.jpeg","jetpack_shortlink":"https:\/\/wp.me\/p6RhLt-8aF","jetpack_sharing_enabled":true,"_links":{"self":[{"href":"https:\/\/eldiariodesanpedro.com.ar\/sitio\/wp-json\/wp\/v2\/posts\/31413","targetHints":{"allow":["GET"]}}],"collection":[{"href":"https:\/\/eldiariodesanpedro.com.ar\/sitio\/wp-json\/wp\/v2\/posts"}],"about":[{"href":"https:\/\/eldiariodesanpedro.com.ar\/sitio\/wp-json\/wp\/v2\/types\/post"}],"author":[{"embeddable":true,"href":"https:\/\/eldiariodesanpedro.com.ar\/sitio\/wp-json\/wp\/v2\/users\/4"}],"replies":[{"embeddable":true,"href":"https:\/\/eldiariodesanpedro.com.ar\/sitio\/wp-json\/wp\/v2\/comments?post=31413"}],"version-history":[{"count":1,"href":"https:\/\/eldiariodesanpedro.com.ar\/sitio\/wp-json\/wp\/v2\/posts\/31413\/revisions"}],"predecessor-version":[{"id":31417,"href":"https:\/\/eldiariodesanpedro.com.ar\/sitio\/wp-json\/wp\/v2\/posts\/31413\/revisions\/31417"}],"wp:featuredmedia":[{"embeddable":true,"href":"https:\/\/eldiariodesanpedro.com.ar\/sitio\/wp-json\/wp\/v2\/media\/31415"}],"wp:attachment":[{"href":"https:\/\/eldiariodesanpedro.com.ar\/sitio\/wp-json\/wp\/v2\/media?parent=31413"}],"wp:term":[{"taxonomy":"category","embeddable":true,"href":"https:\/\/eldiariodesanpedro.com.ar\/sitio\/wp-json\/wp\/v2\/categories?post=31413"},{"taxonomy":"post_tag","embeddable":true,"href":"https:\/\/eldiariodesanpedro.com.ar\/sitio\/wp-json\/wp\/v2\/tags?post=31413"}],"curies":[{"name":"wp","href":"https:\/\/api.w.org\/{rel}","templated":true}]}}