{"id":31409,"date":"2018-04-10T20:32:45","date_gmt":"2018-04-10T23:32:45","guid":{"rendered":"https:\/\/eldiariodesanpedro.com.ar\/sitio\/?p=31409"},"modified":"2018-04-10T20:32:45","modified_gmt":"2018-04-10T23:32:45","slug":"ramallo-el-intendente-poletti-mantuvo-una-reunion-con-ritondo","status":"publish","type":"post","link":"https:\/\/eldiariodesanpedro.com.ar\/sitio\/ramallo-el-intendente-poletti-mantuvo-una-reunion-con-ritondo\/","title":{"rendered":"RAMALLO: El Intendente Poletti mantuvo una reuni\u00f3n con Ritondo"},"content":{"rendered":"<p><!-- VideographyWP Plugin Message: Automatic video embedding prevented by plugin options. --><br \/>\n  El Intendente de Ramallo Mauro Poletti mantuvo, en horas de la ma\u00f1ana, una reuni\u00f3n de trabajo junto al Ministro de Seguridad de la Provincia de Buenos Aires D. Cristian Ritondo, donde firmaron un convenio, terminando con las actuaciones administrativas, para lograr el traspaso de la Polic\u00eda Local y Provincial a la \u00f3rbita Municipal, constituy\u00e9ndose la Polic\u00eda Comunal.<\/p>\n<p>  Para que la nueva Fuerza Comunal se haga efectiva, el convenio se elevar\u00e1 al Honorable Concejo Deliberante para su aprobaci\u00f3n.<\/p>\n<p>  \u201cEsto permitir\u00e1 que el Municipio de Ramallo garantice un mejor funcionamiento de las Fuerzas Policiales mejorando la seguridad de los vecinos\u201d, afirm\u00f3 el Mandatario.<\/p>\n<p>  Otras de las gestiones que se llevaron adelante fue el pedido de nuevos m\u00f3viles policiales para las distintas localidades del Partido de Ramallo. Acompa\u00f1o al Intendente el Subsecretario de Seguridad Mart\u00edn Maidana.<\/p>\n","protected":false},"excerpt":{"rendered":"<p>El Intendente de Ramallo Mauro Poletti mantuvo, en horas de la ma\u00f1ana, una reuni\u00f3n de trabajo junto al Ministro de Seguridad de la Provincia de Buenos Aires D. Cristian Ritondo, donde firmaron un convenio, terminando con las actuaciones administrativas, para lograr el traspaso de la Polic\u00eda Local y Provincial a la \u00f3rbita Municipal, constituy\u00e9ndose la [&hellip;]<\/p>\n","protected":false},"author":4,"featured_media":31412,"comment_status":"open","ping_status":"closed","sticky":false,"template":"","format":"standard","meta":{"om_disable_all_campaigns":false,"_jetpack_memberships_contains_paid_content":false,"footnotes":""},"categories":[621],"tags":[],"class_list":["post-31409","post","type-post","status-publish","format-standard","has-post-thumbnail","hentry","category-regionales"],"aioseo_notices":[],"gutentor_comment":0,"jetpack_featured_media_url":"https:\/\/eldiariodesanpedro.com.ar\/sitio\/wp-content\/uploads\/2018\/04\/poletti-reunion-ritondo.jpg","jetpack_shortlink":"https:\/\/wp.me\/p6RhLt-8aB","jetpack_sharing_enabled":true,"_links":{"self":[{"href":"https:\/\/eldiariodesanpedro.com.ar\/sitio\/wp-json\/wp\/v2\/posts\/31409","targetHints":{"allow":["GET"]}}],"collection":[{"href":"https:\/\/eldiariodesanpedro.com.ar\/sitio\/wp-json\/wp\/v2\/posts"}],"about":[{"href":"https:\/\/eldiariodesanpedro.com.ar\/sitio\/wp-json\/wp\/v2\/types\/post"}],"author":[{"embeddable":true,"href":"https:\/\/eldiariodesanpedro.com.ar\/sitio\/wp-json\/wp\/v2\/users\/4"}],"replies":[{"embeddable":true,"href":"https:\/\/eldiariodesanpedro.com.ar\/sitio\/wp-json\/wp\/v2\/comments?post=31409"}],"version-history":[{"count":1,"href":"https:\/\/eldiariodesanpedro.com.ar\/sitio\/wp-json\/wp\/v2\/posts\/31409\/revisions"}],"predecessor-version":[{"id":31414,"href":"https:\/\/eldiariodesanpedro.com.ar\/sitio\/wp-json\/wp\/v2\/posts\/31409\/revisions\/31414"}],"wp:featuredmedia":[{"embeddable":true,"href":"https:\/\/eldiariodesanpedro.com.ar\/sitio\/wp-json\/wp\/v2\/media\/31412"}],"wp:attachment":[{"href":"https:\/\/eldiariodesanpedro.com.ar\/sitio\/wp-json\/wp\/v2\/media?parent=31409"}],"wp:term":[{"taxonomy":"category","embeddable":true,"href":"https:\/\/eldiariodesanpedro.com.ar\/sitio\/wp-json\/wp\/v2\/categories?post=31409"},{"taxonomy":"post_tag","embeddable":true,"href":"https:\/\/eldiariodesanpedro.com.ar\/sitio\/wp-json\/wp\/v2\/tags?post=31409"}],"curies":[{"name":"wp","href":"https:\/\/api.w.org\/{rel}","templated":true}]}}