{"id":31406,"date":"2018-04-10T20:29:35","date_gmt":"2018-04-10T23:29:35","guid":{"rendered":"https:\/\/eldiariodesanpedro.com.ar\/sitio\/?p=31406"},"modified":"2018-04-10T20:29:35","modified_gmt":"2018-04-10T23:29:35","slug":"representantes-de-la-agrupacion-mallorca-en-el-almuerzo-oficial-donde-se-agasajo-al-presidente-de-espana-mariano-rajoy","status":"publish","type":"post","link":"https:\/\/eldiariodesanpedro.com.ar\/sitio\/representantes-de-la-agrupacion-mallorca-en-el-almuerzo-oficial-donde-se-agasajo-al-presidente-de-espana-mariano-rajoy\/","title":{"rendered":"Representantes de la Agrupaci\u00f3n Mallorca en el Almuerzo Oficial donde se agasaj\u00f3 al Presidente de Espa\u00f1a Mariano Rajoy"},"content":{"rendered":"<p><!-- VideographyWP Plugin Message: Automatic video embedding prevented by plugin options. --><br \/>\nEn el mediod\u00eda de ayer, los Se\u00f1ores D. Gustavo Gonz\u00e1lez Truyols y D. Juan Manuel Gomila participaron representando a la Agrupaci\u00f3n Mallorca de San Pedro, del Almuerzo Oficial que el Presidente de la Rep\u00fablica Argentina, Sr. Mauricio Macri, y su Sra. ofrecieron a su par espa\u00f1ol, D. Mariano Rajoy, en el Museo Casa Rosada.<\/p>\n<p> Por la tarde, en el Club Espa\u00f1ol, compartieron con los representantes de la colectividad espa\u00f1ola en Argentina un agasajo en honor a esta esperada visita de Estado. All\u00ed se dispuso un espacio de encuentro y conocimiento entre las autoridades de la Comitiva Oficial presidida por el Presidente Rajoy, la diplomacia espa\u00f1ola en nuestro pa\u00eds y la gran familia asociativa de Argentina.<\/p>\n<p>  Celebramos estas trascendentes participaciones que impulsan la integraci\u00f3n federal de las instituciones espa\u00f1olas y la convivencia fruct\u00edfera de todas sus representaciones auton\u00f3micas. Agradecemos estas iniciativas al Ministerio de Relaciones Exteriores y Culto de la Rep\u00fablica Argentina, a la Embajada de Espa\u00f1a y la Federaci\u00f3n de Sociedades Espa\u00f1olas de Argentina.<\/p>\n","protected":false},"excerpt":{"rendered":"<p>En el mediod\u00eda de ayer, los Se\u00f1ores D. Gustavo Gonz\u00e1lez Truyols y D. Juan Manuel Gomila participaron representando a la Agrupaci\u00f3n Mallorca de San Pedro, del Almuerzo Oficial que el Presidente de la Rep\u00fablica Argentina, Sr. Mauricio Macri, y su Sra. ofrecieron a su par espa\u00f1ol, D. Mariano Rajoy, en el Museo Casa Rosada. Por [&hellip;]<\/p>\n","protected":false},"author":4,"featured_media":31408,"comment_status":"open","ping_status":"closed","sticky":false,"template":"","format":"standard","meta":{"om_disable_all_campaigns":false,"_jetpack_memberships_contains_paid_content":false,"footnotes":""},"categories":[50,101,2],"tags":[],"class_list":["post-31406","post","type-post","status-publish","format-standard","has-post-thumbnail","hentry","category-destacadas","category-interes-general-locales","category-locales"],"aioseo_notices":[],"gutentor_comment":0,"jetpack_featured_media_url":"https:\/\/eldiariodesanpedro.com.ar\/sitio\/wp-content\/uploads\/2018\/04\/Sampedrinos-en-el-almuerzo-en-el-Museo-de-la-Casa-Rosada-.jpeg","jetpack_shortlink":"https:\/\/wp.me\/p6RhLt-8ay","jetpack_sharing_enabled":true,"_links":{"self":[{"href":"https:\/\/eldiariodesanpedro.com.ar\/sitio\/wp-json\/wp\/v2\/posts\/31406","targetHints":{"allow":["GET"]}}],"collection":[{"href":"https:\/\/eldiariodesanpedro.com.ar\/sitio\/wp-json\/wp\/v2\/posts"}],"about":[{"href":"https:\/\/eldiariodesanpedro.com.ar\/sitio\/wp-json\/wp\/v2\/types\/post"}],"author":[{"embeddable":true,"href":"https:\/\/eldiariodesanpedro.com.ar\/sitio\/wp-json\/wp\/v2\/users\/4"}],"replies":[{"embeddable":true,"href":"https:\/\/eldiariodesanpedro.com.ar\/sitio\/wp-json\/wp\/v2\/comments?post=31406"}],"version-history":[{"count":1,"href":"https:\/\/eldiariodesanpedro.com.ar\/sitio\/wp-json\/wp\/v2\/posts\/31406\/revisions"}],"predecessor-version":[{"id":31411,"href":"https:\/\/eldiariodesanpedro.com.ar\/sitio\/wp-json\/wp\/v2\/posts\/31406\/revisions\/31411"}],"wp:featuredmedia":[{"embeddable":true,"href":"https:\/\/eldiariodesanpedro.com.ar\/sitio\/wp-json\/wp\/v2\/media\/31408"}],"wp:attachment":[{"href":"https:\/\/eldiariodesanpedro.com.ar\/sitio\/wp-json\/wp\/v2\/media?parent=31406"}],"wp:term":[{"taxonomy":"category","embeddable":true,"href":"https:\/\/eldiariodesanpedro.com.ar\/sitio\/wp-json\/wp\/v2\/categories?post=31406"},{"taxonomy":"post_tag","embeddable":true,"href":"https:\/\/eldiariodesanpedro.com.ar\/sitio\/wp-json\/wp\/v2\/tags?post=31406"}],"curies":[{"name":"wp","href":"https:\/\/api.w.org\/{rel}","templated":true}]}}