{"id":31401,"date":"2018-04-10T17:44:02","date_gmt":"2018-04-10T20:44:02","guid":{"rendered":"https:\/\/eldiariodesanpedro.com.ar\/sitio\/?p=31401"},"modified":"2018-04-10T17:44:02","modified_gmt":"2018-04-10T20:44:02","slug":"vacunacion-antigripal-y-prevencion-2018","status":"publish","type":"post","link":"https:\/\/eldiariodesanpedro.com.ar\/sitio\/vacunacion-antigripal-y-prevencion-2018\/","title":{"rendered":"Vacunaci\u00f3n antigripal y prevenci\u00f3n 2018"},"content":{"rendered":"<p><!-- VideographyWP Plugin Message: Automatic video embedding prevented by plugin options. --><br \/>\nDesde ma\u00f1ana los puestos de vacunaci\u00f3n Antigripal y prevenci\u00f3n de Neumon\u00eda 2018.<br \/>\nLas vacunas son gratis y las encontr\u00e1s muy cerca de tu casa.<br \/>\nArranca el a\u00f1o, y entre todos podemos prevenir la gripe. Por eso comienza una nueva etapa de vacunaci\u00f3n, dirigida especialmente a embarazadas, mam\u00e1s de reci\u00e9n nacidos, ni\u00f1os de 6 meses a 2 a\u00f1os, adultos mayores de 65 a\u00f1os y personas con enfermedades cr\u00f3nicas.<br \/>\nLos d\u00edas mi\u00e9rcoles 11, jueves 12 y viernes 13 de 9 a 13 hs. se encontrar\u00e1n disponibles los puestos de vacunaci\u00f3n Antigripal y prevenci\u00f3n de Neumon\u00eda 2018.<br \/>\nLos puestos estar\u00e1n ubicados:<br \/>\nPlaza Constituci\u00f3n (esquina Mitre e Hip\u00f3lito Irigoyen)<br \/>\nPeatonal de San Pedro (calle Mitre)<br \/>\nCasilla de Turismo (Ruta 1001 y calle Mitre)<br \/>\nAdem\u00e1s, es de suma importancia que complementes los cuidados con estas recomendaciones: lavarse las manos con frecuencia, taparse la boca al toser o estornudar, ventilar los ambientes de la casa, mantener limpios los picaportes y los objetos de uso com\u00fan, y no compartir cubiertos ni vasos. <\/p>\n<p>\u00bfQui\u00e9nes se deben vacunar?<br \/>\nPersonal de Salud, embarazadas, pu\u00e9rperas hasta los 10 d\u00edas de postparto, ni\u00f1os y ni\u00f1as de 6 meses a 2 a\u00f1os, ni\u00f1o y ni\u00f1as entre 24 a 35 meses con factores de riesgo, ni\u00f1os y ni\u00f1as de 36 meses a 8 a\u00f1os inclusive con factores de riesgo, poblaci\u00f3n de 9 a 64 a\u00f1os inclusive con factores de riesgo, adultos a partir de los 65 a\u00f1os.<br \/>\nCuidemos la salud de los que m\u00e1s lo necesitan, para seguir cuid\u00e1ndonos entre todos. \u00a1Vamos a vacunarnos!<br \/>\nPara ampliar la informaci\u00f3n, por favor comunicarse con la Dra. Silvana Morales. Tel: 3329-15-693832.<\/p>\n","protected":false},"excerpt":{"rendered":"<p>Desde ma\u00f1ana los puestos de vacunaci\u00f3n Antigripal y prevenci\u00f3n de Neumon\u00eda 2018. Las vacunas son gratis y las encontr\u00e1s muy cerca de tu casa. Arranca el a\u00f1o, y entre todos podemos prevenir la gripe. Por eso comienza una nueva etapa de vacunaci\u00f3n, dirigida especialmente a embarazadas, mam\u00e1s de reci\u00e9n nacidos, ni\u00f1os de 6 meses a [&hellip;]<\/p>\n","protected":false},"author":4,"featured_media":31402,"comment_status":"open","ping_status":"closed","sticky":false,"template":"","format":"standard","meta":{"om_disable_all_campaigns":false,"_jetpack_memberships_contains_paid_content":false,"footnotes":""},"categories":[101,2],"tags":[],"class_list":["post-31401","post","type-post","status-publish","format-standard","has-post-thumbnail","hentry","category-interes-general-locales","category-locales"],"aioseo_notices":[],"gutentor_comment":0,"jetpack_featured_media_url":"https:\/\/eldiariodesanpedro.com.ar\/sitio\/wp-content\/uploads\/2018\/04\/salud-vacunaci\u00f3n.png","jetpack_shortlink":"https:\/\/wp.me\/p6RhLt-8at","jetpack_sharing_enabled":true,"_links":{"self":[{"href":"https:\/\/eldiariodesanpedro.com.ar\/sitio\/wp-json\/wp\/v2\/posts\/31401","targetHints":{"allow":["GET"]}}],"collection":[{"href":"https:\/\/eldiariodesanpedro.com.ar\/sitio\/wp-json\/wp\/v2\/posts"}],"about":[{"href":"https:\/\/eldiariodesanpedro.com.ar\/sitio\/wp-json\/wp\/v2\/types\/post"}],"author":[{"embeddable":true,"href":"https:\/\/eldiariodesanpedro.com.ar\/sitio\/wp-json\/wp\/v2\/users\/4"}],"replies":[{"embeddable":true,"href":"https:\/\/eldiariodesanpedro.com.ar\/sitio\/wp-json\/wp\/v2\/comments?post=31401"}],"version-history":[{"count":1,"href":"https:\/\/eldiariodesanpedro.com.ar\/sitio\/wp-json\/wp\/v2\/posts\/31401\/revisions"}],"predecessor-version":[{"id":31403,"href":"https:\/\/eldiariodesanpedro.com.ar\/sitio\/wp-json\/wp\/v2\/posts\/31401\/revisions\/31403"}],"wp:featuredmedia":[{"embeddable":true,"href":"https:\/\/eldiariodesanpedro.com.ar\/sitio\/wp-json\/wp\/v2\/media\/31402"}],"wp:attachment":[{"href":"https:\/\/eldiariodesanpedro.com.ar\/sitio\/wp-json\/wp\/v2\/media?parent=31401"}],"wp:term":[{"taxonomy":"category","embeddable":true,"href":"https:\/\/eldiariodesanpedro.com.ar\/sitio\/wp-json\/wp\/v2\/categories?post=31401"},{"taxonomy":"post_tag","embeddable":true,"href":"https:\/\/eldiariodesanpedro.com.ar\/sitio\/wp-json\/wp\/v2\/tags?post=31401"}],"curies":[{"name":"wp","href":"https:\/\/api.w.org\/{rel}","templated":true}]}}