{"id":314,"date":"2015-11-13T10:23:57","date_gmt":"2015-11-13T13:23:57","guid":{"rendered":"http:\/\/www.eldiariodesanpedro.com.ar\/?p=314"},"modified":"2026-01-23T23:16:45","modified_gmt":"2026-01-24T02:16:45","slug":"cristina-se-reunio-con-la-presidente-del-senado-ruso-en-casa-de-gobierno","status":"publish","type":"post","link":"https:\/\/eldiariodesanpedro.com.ar\/sitio\/cristina-se-reunio-con-la-presidente-del-senado-ruso-en-casa-de-gobierno\/","title":{"rendered":"Cristina se reuni\u00f3 con la presidente del Senado ruso en Casa de Gobierno"},"content":{"rendered":"<p><!-- VideographyWP Plugin Message: Automatic video embedding prevented by plugin options. --><br \/>\n(T\u00e9lam) &#8211; La presidenta Cristina Fern\u00e1ndez de Kirchner mantuvo, este jueves, un encuentro con la titular del Consejo de la Federaci\u00f3n de Rusia, Valentina Matvienko. La reuni\u00f3n se llev\u00f3 a cabo en el despacho de la Jefa de Estado.<br \/>\nLa presidenta Cristina Fern\u00e1ndez de Kirchner recibi\u00f3 en la Casa de Gobierno a la titular del Consejo de la Federaci\u00f3n (Senado) de Rusia, Valentina Matvienko, quien realiz\u00f3 una visita oficial de dos d\u00edas a la Argentina, en el marco del compromiso de ambos pa\u00edses para fortalecer y profundizar las relaciones bilaterales.<br \/>\nParticiparon del encuentro, que se concret\u00f3 a partir de las 12.30 de ayer en el despacho presidencial de la Casa Rosada, el vicepresidente del Consejo de la Federaci\u00f3n de Rusia, Iliy\u00e1s Umakhanov; el Jefe del comit\u00e9 de Legislaci\u00f3n Constitucional y formaci\u00f3n estatal del Consejo de la Federaci\u00f3n de Rusia, Andrey Klishas, y el embajador ruso en la Argentina, Victor Koronelli.<br \/>\nAcompa\u00f1aron a la Jefa de Estado el secretario General de la Presidencia, Eduardo \u00abWado\u00bb de Pedro; el ministro de Econom\u00eda, Axel Kicillof; y el secretario de Relaciones Econ\u00f3micas de la Canciller\u00eda, Carlos Bianco.<br \/>\nMatvienko, presidenta del Senado ruso desde 2011, y quien desde el 2003 hasta ese a\u00f1o fue gobernadora de la ciudad de San Petersburgo, permanecer\u00e1 hasta hoy en la Argentina en respuesta a una invitaci\u00f3n oficial que le formul\u00f3 el titular del Senado, Amado Boudou, en julio pasado en un viaje que efectu\u00f3 a la Federaci\u00f3n Rusa, oportunidad en que se firm\u00f3 un acuerdo interparlamentario<br \/>\nde cooperaci\u00f3n.<br \/>\nPreviamente, la presidenta del Senado ruso estuvo en el Congreso de la Naci\u00f3n, donde se reuni\u00f3 con el titular de la C\u00e1mara de Diputados, Juli\u00e1n Dom\u00ednguez, en un encuentroen el cual se destac\u00f3 el nivel y la importancia que han alcanzado las relaciones bilaterales en distintos campos.<\/p>\n","protected":false},"excerpt":{"rendered":"<p>(T\u00e9lam) &#8211; La presidenta Cristina Fern\u00e1ndez de Kirchner mantuvo, este jueves, un encuentro con la titular del Consejo de la Federaci\u00f3n de Rusia, Valentina Matvienko. La reuni\u00f3n se llev\u00f3 a cabo en el despacho de la Jefa de Estado. La presidenta Cristina Fern\u00e1ndez de Kirchner recibi\u00f3 en la Casa de Gobierno a la titular del [&hellip;]<\/p>\n","protected":false},"author":4,"featured_media":316,"comment_status":"open","ping_status":"closed","sticky":false,"template":"","format":"standard","meta":{"om_disable_all_campaigns":false,"_jetpack_memberships_contains_paid_content":false,"footnotes":""},"categories":[3],"tags":[],"class_list":["post-314","post","type-post","status-publish","format-standard","has-post-thumbnail","hentry","category-nacionales"],"aioseo_notices":[],"gutentor_comment":0,"jetpack_featured_media_url":"https:\/\/eldiariodesanpedro.com.ar\/sitio\/wp-content\/uploads\/2015\/11\/Cristina.jpg","jetpack_shortlink":"https:\/\/wp.me\/p6RhLt-54","jetpack_sharing_enabled":true,"_links":{"self":[{"href":"https:\/\/eldiariodesanpedro.com.ar\/sitio\/wp-json\/wp\/v2\/posts\/314","targetHints":{"allow":["GET"]}}],"collection":[{"href":"https:\/\/eldiariodesanpedro.com.ar\/sitio\/wp-json\/wp\/v2\/posts"}],"about":[{"href":"https:\/\/eldiariodesanpedro.com.ar\/sitio\/wp-json\/wp\/v2\/types\/post"}],"author":[{"embeddable":true,"href":"https:\/\/eldiariodesanpedro.com.ar\/sitio\/wp-json\/wp\/v2\/users\/4"}],"replies":[{"embeddable":true,"href":"https:\/\/eldiariodesanpedro.com.ar\/sitio\/wp-json\/wp\/v2\/comments?post=314"}],"version-history":[{"count":1,"href":"https:\/\/eldiariodesanpedro.com.ar\/sitio\/wp-json\/wp\/v2\/posts\/314\/revisions"}],"predecessor-version":[{"id":317,"href":"https:\/\/eldiariodesanpedro.com.ar\/sitio\/wp-json\/wp\/v2\/posts\/314\/revisions\/317"}],"wp:featuredmedia":[{"embeddable":true,"href":"https:\/\/eldiariodesanpedro.com.ar\/sitio\/wp-json\/wp\/v2\/media\/316"}],"wp:attachment":[{"href":"https:\/\/eldiariodesanpedro.com.ar\/sitio\/wp-json\/wp\/v2\/media?parent=314"}],"wp:term":[{"taxonomy":"category","embeddable":true,"href":"https:\/\/eldiariodesanpedro.com.ar\/sitio\/wp-json\/wp\/v2\/categories?post=314"},{"taxonomy":"post_tag","embeddable":true,"href":"https:\/\/eldiariodesanpedro.com.ar\/sitio\/wp-json\/wp\/v2\/tags?post=314"}],"curies":[{"name":"wp","href":"https:\/\/api.w.org\/{rel}","templated":true}]}}