{"id":31399,"date":"2018-04-10T11:44:56","date_gmt":"2018-04-10T14:44:56","guid":{"rendered":"https:\/\/eldiariodesanpedro.com.ar\/sitio\/?p=31399"},"modified":"2018-04-10T11:44:56","modified_gmt":"2018-04-10T14:44:56","slug":"roban-una-bicicleta-en-el-barrio-fonavi","status":"publish","type":"post","link":"https:\/\/eldiariodesanpedro.com.ar\/sitio\/roban-una-bicicleta-en-el-barrio-fonavi\/","title":{"rendered":"Roban una bicicleta en el barrio Fonavi"},"content":{"rendered":"<p><!-- VideographyWP Plugin Message: Automatic video embedding prevented by plugin options. --><br \/>\nEste domingo como viene sucediendo \u00faltimamente en esta ola delictiva en la ciudad, se produjo el robo de una bicicleta en un domicilio ubicado en el Barrio Fonavi.<br \/>\nEl hecho se produjo en la noche del domingo entre las 21 y 24 hs en un domicilio ubicado en calle Bozzano en el barrio Fonavi cuando la propietaria llega a su casa de trabajar y deja la bicicleta del lado de adentro de las rejas y al momento de irse a dormir cuando va a ingresar el rodado se encuentra que se la hab\u00edan llevado. <\/p>\n<p>Es delito es uno mas de la cantidad de robos que ocurren que no son denunciados en la comisaria local pero suceden todo el tiempo y seg\u00fan nos comento la propietaria, ella vivio toda la vida en ese lugar y jamas habia sufrido un hecho similar. La descripci\u00f3n que dio de lo robado es que es una bicicleta de dama color violeta, sin canasto y el guardabarro de atr\u00e1s roto.<\/p>\n","protected":false},"excerpt":{"rendered":"<p>Este domingo como viene sucediendo \u00faltimamente en esta ola delictiva en la ciudad, se produjo el robo de una bicicleta en un domicilio ubicado en el Barrio Fonavi. El hecho se produjo en la noche del domingo entre las 21 y 24 hs en un domicilio ubicado en calle Bozzano en el barrio Fonavi cuando [&hellip;]<\/p>\n","protected":false},"author":4,"featured_media":16975,"comment_status":"open","ping_status":"closed","sticky":false,"template":"","format":"standard","meta":{"om_disable_all_campaigns":false,"_jetpack_memberships_contains_paid_content":false,"footnotes":""},"categories":[2,103],"tags":[],"class_list":["post-31399","post","type-post","status-publish","format-standard","has-post-thumbnail","hentry","category-locales","category-policiales-locales"],"aioseo_notices":[],"gutentor_comment":0,"jetpack_featured_media_url":"https:\/\/eldiariodesanpedro.com.ar\/sitio\/wp-content\/uploads\/2017\/04\/DSC_0001-e1496698354685.jpg","jetpack_shortlink":"https:\/\/wp.me\/p6RhLt-8ar","jetpack_sharing_enabled":true,"_links":{"self":[{"href":"https:\/\/eldiariodesanpedro.com.ar\/sitio\/wp-json\/wp\/v2\/posts\/31399","targetHints":{"allow":["GET"]}}],"collection":[{"href":"https:\/\/eldiariodesanpedro.com.ar\/sitio\/wp-json\/wp\/v2\/posts"}],"about":[{"href":"https:\/\/eldiariodesanpedro.com.ar\/sitio\/wp-json\/wp\/v2\/types\/post"}],"author":[{"embeddable":true,"href":"https:\/\/eldiariodesanpedro.com.ar\/sitio\/wp-json\/wp\/v2\/users\/4"}],"replies":[{"embeddable":true,"href":"https:\/\/eldiariodesanpedro.com.ar\/sitio\/wp-json\/wp\/v2\/comments?post=31399"}],"version-history":[{"count":1,"href":"https:\/\/eldiariodesanpedro.com.ar\/sitio\/wp-json\/wp\/v2\/posts\/31399\/revisions"}],"predecessor-version":[{"id":31400,"href":"https:\/\/eldiariodesanpedro.com.ar\/sitio\/wp-json\/wp\/v2\/posts\/31399\/revisions\/31400"}],"wp:featuredmedia":[{"embeddable":true,"href":"https:\/\/eldiariodesanpedro.com.ar\/sitio\/wp-json\/wp\/v2\/media\/16975"}],"wp:attachment":[{"href":"https:\/\/eldiariodesanpedro.com.ar\/sitio\/wp-json\/wp\/v2\/media?parent=31399"}],"wp:term":[{"taxonomy":"category","embeddable":true,"href":"https:\/\/eldiariodesanpedro.com.ar\/sitio\/wp-json\/wp\/v2\/categories?post=31399"},{"taxonomy":"post_tag","embeddable":true,"href":"https:\/\/eldiariodesanpedro.com.ar\/sitio\/wp-json\/wp\/v2\/tags?post=31399"}],"curies":[{"name":"wp","href":"https:\/\/api.w.org\/{rel}","templated":true}]}}