{"id":31393,"date":"2018-04-10T10:57:21","date_gmt":"2018-04-10T13:57:21","guid":{"rendered":"https:\/\/eldiariodesanpedro.com.ar\/sitio\/?p=31393"},"modified":"2018-04-10T11:04:47","modified_gmt":"2018-04-10T14:04:47","slug":"se-secuestro-una-motocicleta-en-control-de-transito-con-pedido-de-secuestro","status":"publish","type":"post","link":"https:\/\/eldiariodesanpedro.com.ar\/sitio\/se-secuestro-una-motocicleta-en-control-de-transito-con-pedido-de-secuestro\/","title":{"rendered":"Se recuper\u00f3 una motocicleta en control de transito con pedido de secuestro"},"content":{"rendered":"<p><!-- VideographyWP Plugin Message: Automatic video embedding prevented by plugin options. --><br \/>\nDurante la jornada del lunes se realizo un operativo de control vehicular con la presencia de efectivos de la Direcci\u00f3n de Transito y Nocturnidad acompa\u00f1ado por el personal de la polic\u00eda local donde se procedi\u00f3 al secuestro de una motocicleta marca Mondial Dax de color negra sin dominio colocado la cual era guiada por un masculino que al constatar la presencia de los efectivos calle Pellegrini y Las Heras arroja dicho rodado y se da a la fuga, estableci\u00e9ndose que misma  posee pedido de secuestro activo de fecha de febrero del a\u00f1o 2018 por hechos caratulado Hurto, con la intervenci\u00f3n de la UFI N\u00ba 11 de este medio. El rodado fue secuestrado y trasladado a sede policial. <\/p>\n","protected":false},"excerpt":{"rendered":"<p>Durante la jornada del lunes se realizo un operativo de control vehicular con la presencia de efectivos de la Direcci\u00f3n de Transito y Nocturnidad acompa\u00f1ado por el personal de la polic\u00eda local donde se procedi\u00f3 al secuestro de una motocicleta marca Mondial Dax de color negra sin dominio colocado la cual era guiada por un [&hellip;]<\/p>\n","protected":false},"author":4,"featured_media":11797,"comment_status":"open","ping_status":"closed","sticky":false,"template":"","format":"standard","meta":{"om_disable_all_campaigns":false,"_jetpack_memberships_contains_paid_content":false,"footnotes":""},"categories":[2,103],"tags":[],"class_list":["post-31393","post","type-post","status-publish","format-standard","has-post-thumbnail","hentry","category-locales","category-policiales-locales"],"aioseo_notices":[],"gutentor_comment":0,"jetpack_featured_media_url":"https:\/\/eldiariodesanpedro.com.ar\/sitio\/wp-content\/uploads\/2016\/12\/moto-secuestrada.jpg","jetpack_shortlink":"https:\/\/wp.me\/p6RhLt-8al","jetpack_sharing_enabled":true,"_links":{"self":[{"href":"https:\/\/eldiariodesanpedro.com.ar\/sitio\/wp-json\/wp\/v2\/posts\/31393","targetHints":{"allow":["GET"]}}],"collection":[{"href":"https:\/\/eldiariodesanpedro.com.ar\/sitio\/wp-json\/wp\/v2\/posts"}],"about":[{"href":"https:\/\/eldiariodesanpedro.com.ar\/sitio\/wp-json\/wp\/v2\/types\/post"}],"author":[{"embeddable":true,"href":"https:\/\/eldiariodesanpedro.com.ar\/sitio\/wp-json\/wp\/v2\/users\/4"}],"replies":[{"embeddable":true,"href":"https:\/\/eldiariodesanpedro.com.ar\/sitio\/wp-json\/wp\/v2\/comments?post=31393"}],"version-history":[{"count":2,"href":"https:\/\/eldiariodesanpedro.com.ar\/sitio\/wp-json\/wp\/v2\/posts\/31393\/revisions"}],"predecessor-version":[{"id":31398,"href":"https:\/\/eldiariodesanpedro.com.ar\/sitio\/wp-json\/wp\/v2\/posts\/31393\/revisions\/31398"}],"wp:featuredmedia":[{"embeddable":true,"href":"https:\/\/eldiariodesanpedro.com.ar\/sitio\/wp-json\/wp\/v2\/media\/11797"}],"wp:attachment":[{"href":"https:\/\/eldiariodesanpedro.com.ar\/sitio\/wp-json\/wp\/v2\/media?parent=31393"}],"wp:term":[{"taxonomy":"category","embeddable":true,"href":"https:\/\/eldiariodesanpedro.com.ar\/sitio\/wp-json\/wp\/v2\/categories?post=31393"},{"taxonomy":"post_tag","embeddable":true,"href":"https:\/\/eldiariodesanpedro.com.ar\/sitio\/wp-json\/wp\/v2\/tags?post=31393"}],"curies":[{"name":"wp","href":"https:\/\/api.w.org\/{rel}","templated":true}]}}