{"id":31391,"date":"2018-04-10T10:54:22","date_gmt":"2018-04-10T13:54:22","guid":{"rendered":"https:\/\/eldiariodesanpedro.com.ar\/sitio\/?p=31391"},"modified":"2018-04-10T10:54:22","modified_gmt":"2018-04-10T13:54:22","slug":"desvalijaron-la-quinta-de-rudy-ulloa","status":"publish","type":"post","link":"https:\/\/eldiariodesanpedro.com.ar\/sitio\/desvalijaron-la-quinta-de-rudy-ulloa\/","title":{"rendered":"Desvalijaron la quinta de Rudy Ulloa"},"content":{"rendered":"<p><!-- VideographyWP Plugin Message: Automatic video embedding prevented by plugin options. --><br \/>\nEste lunes el personal polic\u00eda rural se comisiono hasta establecimiento de raz\u00f3n social \u201cmi sue\u00f1o\u201d ubicado en ruta 191 kil\u00f3metro 6.5 propiedad de Rudy Ulloa, ex chofer del N\u00e9stor Kirchner, donde tras entrevista con casero masculino de 60 a\u00f1os lograse establecer que durante horas de la noche del domingo autor\/es ignorado\/s previo violentar puerta principal vivienda de propietario sustraen elementos varios entre ellos dos televisores Phillips, tres reproductores de DVD, bebidas alcoh\u00f3licas de alto valor, gran cantidad de ropa, una guitarra criolla y cuchillos por lo que se comisiona el personal de polic\u00eda cient\u00edfica al lugar para realizar las pericias necesarias y as\u00ed poder dar con los delincuentes.<\/p>\n<p>Seg\u00fan declaraciones que se pudieron conseguir por vecinos de la zona se pudo ver a varias personas huir del lugar a caballo en direcci\u00f3n hacia la tosquera <\/p>\n","protected":false},"excerpt":{"rendered":"<p>Este lunes el personal polic\u00eda rural se comisiono hasta establecimiento de raz\u00f3n social \u201cmi sue\u00f1o\u201d ubicado en ruta 191 kil\u00f3metro 6.5 propiedad de Rudy Ulloa, ex chofer del N\u00e9stor Kirchner, donde tras entrevista con casero masculino de 60 a\u00f1os lograse establecer que durante horas de la noche del domingo autor\/es ignorado\/s previo violentar puerta principal [&hellip;]<\/p>\n","protected":false},"author":4,"featured_media":3467,"comment_status":"open","ping_status":"closed","sticky":false,"template":"","format":"standard","meta":{"om_disable_all_campaigns":false,"_jetpack_memberships_contains_paid_content":false,"footnotes":""},"categories":[2,103],"tags":[],"class_list":["post-31391","post","type-post","status-publish","format-standard","has-post-thumbnail","hentry","category-locales","category-policiales-locales"],"aioseo_notices":[],"gutentor_comment":0,"jetpack_featured_media_url":"https:\/\/eldiariodesanpedro.com.ar\/sitio\/wp-content\/uploads\/2016\/04\/patrulla-rural-e1454594817773.jpg","jetpack_shortlink":"https:\/\/wp.me\/p6RhLt-8aj","jetpack_sharing_enabled":true,"_links":{"self":[{"href":"https:\/\/eldiariodesanpedro.com.ar\/sitio\/wp-json\/wp\/v2\/posts\/31391","targetHints":{"allow":["GET"]}}],"collection":[{"href":"https:\/\/eldiariodesanpedro.com.ar\/sitio\/wp-json\/wp\/v2\/posts"}],"about":[{"href":"https:\/\/eldiariodesanpedro.com.ar\/sitio\/wp-json\/wp\/v2\/types\/post"}],"author":[{"embeddable":true,"href":"https:\/\/eldiariodesanpedro.com.ar\/sitio\/wp-json\/wp\/v2\/users\/4"}],"replies":[{"embeddable":true,"href":"https:\/\/eldiariodesanpedro.com.ar\/sitio\/wp-json\/wp\/v2\/comments?post=31391"}],"version-history":[{"count":1,"href":"https:\/\/eldiariodesanpedro.com.ar\/sitio\/wp-json\/wp\/v2\/posts\/31391\/revisions"}],"predecessor-version":[{"id":31392,"href":"https:\/\/eldiariodesanpedro.com.ar\/sitio\/wp-json\/wp\/v2\/posts\/31391\/revisions\/31392"}],"wp:featuredmedia":[{"embeddable":true,"href":"https:\/\/eldiariodesanpedro.com.ar\/sitio\/wp-json\/wp\/v2\/media\/3467"}],"wp:attachment":[{"href":"https:\/\/eldiariodesanpedro.com.ar\/sitio\/wp-json\/wp\/v2\/media?parent=31391"}],"wp:term":[{"taxonomy":"category","embeddable":true,"href":"https:\/\/eldiariodesanpedro.com.ar\/sitio\/wp-json\/wp\/v2\/categories?post=31391"},{"taxonomy":"post_tag","embeddable":true,"href":"https:\/\/eldiariodesanpedro.com.ar\/sitio\/wp-json\/wp\/v2\/tags?post=31391"}],"curies":[{"name":"wp","href":"https:\/\/api.w.org\/{rel}","templated":true}]}}