{"id":31389,"date":"2018-04-10T10:41:01","date_gmt":"2018-04-10T13:41:01","guid":{"rendered":"https:\/\/eldiariodesanpedro.com.ar\/sitio\/?p=31389"},"modified":"2018-04-10T10:41:01","modified_gmt":"2018-04-10T13:41:01","slug":"dos-aprehendidos-por-portar-una-cuchilla-entre-sus-prendas","status":"publish","type":"post","link":"https:\/\/eldiariodesanpedro.com.ar\/sitio\/dos-aprehendidos-por-portar-una-cuchilla-entre-sus-prendas\/","title":{"rendered":"Dos aprehendidos por portar una cuchilla entre sus prendas"},"content":{"rendered":"<p><!-- VideographyWP Plugin Message: Automatic video embedding prevented by plugin options. --><br \/>\nEste lunes alrededor de las 20.30 hs tras alerta al 911 por una emergencia el personal policial de la comisaria local se traslada hasta lugar hecho comercio de rubro farmacia sito en calle Bottaro y Casella de este medio a ra\u00edz de advertencia que dos masculinos los cuales describieron f\u00edsicamente y ropas que vest\u00edan, segu\u00edan a una femenina con posibles intenciones de cometer il\u00edcito, que tras arribo al lugar a escasas cuadras logran dar con los individuos, ambos mayores de edad, los cuales tras ser identificados se constatan que portaban consigo una cuchilla en sus prendas de vestir y bebidas alcoh\u00f3licas.<br \/>\nAmbos trasladados a sede policial, no logr\u00e1ndose dar con la femenina.<\/p>\n","protected":false},"excerpt":{"rendered":"<p>Este lunes alrededor de las 20.30 hs tras alerta al 911 por una emergencia el personal policial de la comisaria local se traslada hasta lugar hecho comercio de rubro farmacia sito en calle Bottaro y Casella de este medio a ra\u00edz de advertencia que dos masculinos los cuales describieron f\u00edsicamente y ropas que vest\u00edan, segu\u00edan [&hellip;]<\/p>\n","protected":false},"author":4,"featured_media":30123,"comment_status":"open","ping_status":"closed","sticky":false,"template":"","format":"standard","meta":{"om_disable_all_campaigns":false,"_jetpack_memberships_contains_paid_content":false,"footnotes":""},"categories":[2,103],"tags":[],"class_list":["post-31389","post","type-post","status-publish","format-standard","has-post-thumbnail","hentry","category-locales","category-policiales-locales"],"aioseo_notices":[],"gutentor_comment":0,"jetpack_featured_media_url":"https:\/\/eldiariodesanpedro.com.ar\/sitio\/wp-content\/uploads\/2018\/03\/pareja-detenidos.jpg","jetpack_shortlink":"https:\/\/wp.me\/p6RhLt-8ah","jetpack_sharing_enabled":true,"_links":{"self":[{"href":"https:\/\/eldiariodesanpedro.com.ar\/sitio\/wp-json\/wp\/v2\/posts\/31389","targetHints":{"allow":["GET"]}}],"collection":[{"href":"https:\/\/eldiariodesanpedro.com.ar\/sitio\/wp-json\/wp\/v2\/posts"}],"about":[{"href":"https:\/\/eldiariodesanpedro.com.ar\/sitio\/wp-json\/wp\/v2\/types\/post"}],"author":[{"embeddable":true,"href":"https:\/\/eldiariodesanpedro.com.ar\/sitio\/wp-json\/wp\/v2\/users\/4"}],"replies":[{"embeddable":true,"href":"https:\/\/eldiariodesanpedro.com.ar\/sitio\/wp-json\/wp\/v2\/comments?post=31389"}],"version-history":[{"count":1,"href":"https:\/\/eldiariodesanpedro.com.ar\/sitio\/wp-json\/wp\/v2\/posts\/31389\/revisions"}],"predecessor-version":[{"id":31390,"href":"https:\/\/eldiariodesanpedro.com.ar\/sitio\/wp-json\/wp\/v2\/posts\/31389\/revisions\/31390"}],"wp:featuredmedia":[{"embeddable":true,"href":"https:\/\/eldiariodesanpedro.com.ar\/sitio\/wp-json\/wp\/v2\/media\/30123"}],"wp:attachment":[{"href":"https:\/\/eldiariodesanpedro.com.ar\/sitio\/wp-json\/wp\/v2\/media?parent=31389"}],"wp:term":[{"taxonomy":"category","embeddable":true,"href":"https:\/\/eldiariodesanpedro.com.ar\/sitio\/wp-json\/wp\/v2\/categories?post=31389"},{"taxonomy":"post_tag","embeddable":true,"href":"https:\/\/eldiariodesanpedro.com.ar\/sitio\/wp-json\/wp\/v2\/tags?post=31389"}],"curies":[{"name":"wp","href":"https:\/\/api.w.org\/{rel}","templated":true}]}}