{"id":31386,"date":"2018-04-10T10:31:20","date_gmt":"2018-04-10T13:31:20","guid":{"rendered":"https:\/\/eldiariodesanpedro.com.ar\/sitio\/?p=31386"},"modified":"2018-04-10T10:31:20","modified_gmt":"2018-04-10T13:31:20","slug":"un-delincuente-aprehendido-tras-robar-en-un-local-de-la-zona-centrica","status":"publish","type":"post","link":"https:\/\/eldiariodesanpedro.com.ar\/sitio\/un-delincuente-aprehendido-tras-robar-en-un-local-de-la-zona-centrica\/","title":{"rendered":"Un delincuente aprehendido tras robar en un local de la zona c\u00e9ntrica"},"content":{"rendered":"<p><!-- VideographyWP Plugin Message: Automatic video embedding prevented by plugin options. --><br \/>\nUn nuevo hecho delictivo ocurri\u00f3 esta ma\u00f1ana en plena zona c\u00e9ntrica, mas precisamente en la galer\u00eda \u00abLos Naranjos\u00bb en las oficinas de la empresa Ser Integral que se dedica la contrataci\u00f3n de personas para la limpieza de otros locales comerciales u oficinas.<\/p>\n<p>Alrededor de las 08 hs de este martes ocurri\u00f3 un nuevo hecho de inseguridad donde en las oficinas de la empresa Ser Integral ubicadas en la galer\u00eda \u00abLos naranjos\u00bb ubicada en Balcarce 66 en pleno centro de nuestra ciudad un delincuente mayor de edad ingres\u00f3 a ese local forzando la puerta y llev\u00e1ndose un equipo de sonido un tel\u00e9fono celular entre otras cosas de valor.<\/p>\n<p>El delincuente luego de meter las cosas sustra\u00eddas en una bolsa de consorcio se da a la fuga del lugar y es advertido por una persona que se dirigia justamente a este local a dejar un curriculum vitae y por otra persona que tambi\u00e9n tiene oficina en el lugar por lo que le resulto sospechoso que alguien saliera con una bolsa por lo que fue seguido y llamado al 911 informando de esta situaci\u00f3n. <\/p>\n<p>En un r\u00e1pido accionar los polic\u00edas se presentaron en la esquina de la Plaza Belgrano donde fue reducido y secuestrado las pertenencias. El malviviente de 29 a\u00f1os de edad fue reducido y trasladado a la comisaria local donde permanece alojado.<\/p>\n","protected":false},"excerpt":{"rendered":"<p>Un nuevo hecho delictivo ocurri\u00f3 esta ma\u00f1ana en plena zona c\u00e9ntrica, mas precisamente en la galer\u00eda \u00abLos Naranjos\u00bb en las oficinas de la empresa Ser Integral que se dedica la contrataci\u00f3n de personas para la limpieza de otros locales comerciales u oficinas. Alrededor de las 08 hs de este martes ocurri\u00f3 un nuevo hecho de [&hellip;]<\/p>\n","protected":false},"author":4,"featured_media":31387,"comment_status":"open","ping_status":"closed","sticky":false,"template":"","format":"standard","meta":{"om_disable_all_campaigns":false,"_jetpack_memberships_contains_paid_content":false,"footnotes":""},"categories":[50,2,103],"tags":[],"class_list":["post-31386","post","type-post","status-publish","format-standard","has-post-thumbnail","hentry","category-destacadas","category-locales","category-policiales-locales"],"aioseo_notices":[],"gutentor_comment":0,"jetpack_featured_media_url":"https:\/\/eldiariodesanpedro.com.ar\/sitio\/wp-content\/uploads\/2018\/04\/WhatsApp-Image-2018-04-10-at-10.07.40.jpeg","jetpack_shortlink":"https:\/\/wp.me\/p6RhLt-8ae","jetpack_sharing_enabled":true,"_links":{"self":[{"href":"https:\/\/eldiariodesanpedro.com.ar\/sitio\/wp-json\/wp\/v2\/posts\/31386","targetHints":{"allow":["GET"]}}],"collection":[{"href":"https:\/\/eldiariodesanpedro.com.ar\/sitio\/wp-json\/wp\/v2\/posts"}],"about":[{"href":"https:\/\/eldiariodesanpedro.com.ar\/sitio\/wp-json\/wp\/v2\/types\/post"}],"author":[{"embeddable":true,"href":"https:\/\/eldiariodesanpedro.com.ar\/sitio\/wp-json\/wp\/v2\/users\/4"}],"replies":[{"embeddable":true,"href":"https:\/\/eldiariodesanpedro.com.ar\/sitio\/wp-json\/wp\/v2\/comments?post=31386"}],"version-history":[{"count":1,"href":"https:\/\/eldiariodesanpedro.com.ar\/sitio\/wp-json\/wp\/v2\/posts\/31386\/revisions"}],"predecessor-version":[{"id":31388,"href":"https:\/\/eldiariodesanpedro.com.ar\/sitio\/wp-json\/wp\/v2\/posts\/31386\/revisions\/31388"}],"wp:featuredmedia":[{"embeddable":true,"href":"https:\/\/eldiariodesanpedro.com.ar\/sitio\/wp-json\/wp\/v2\/media\/31387"}],"wp:attachment":[{"href":"https:\/\/eldiariodesanpedro.com.ar\/sitio\/wp-json\/wp\/v2\/media?parent=31386"}],"wp:term":[{"taxonomy":"category","embeddable":true,"href":"https:\/\/eldiariodesanpedro.com.ar\/sitio\/wp-json\/wp\/v2\/categories?post=31386"},{"taxonomy":"post_tag","embeddable":true,"href":"https:\/\/eldiariodesanpedro.com.ar\/sitio\/wp-json\/wp\/v2\/tags?post=31386"}],"curies":[{"name":"wp","href":"https:\/\/api.w.org\/{rel}","templated":true}]}}