{"id":31383,"date":"2018-04-10T09:44:45","date_gmt":"2018-04-10T12:44:45","guid":{"rendered":"https:\/\/eldiariodesanpedro.com.ar\/sitio\/?p=31383"},"modified":"2018-04-10T09:44:45","modified_gmt":"2018-04-10T12:44:45","slug":"entrega-de-nuevo-movil-para-la-patrulla-rural","status":"publish","type":"post","link":"https:\/\/eldiariodesanpedro.com.ar\/sitio\/entrega-de-nuevo-movil-para-la-patrulla-rural\/","title":{"rendered":"Entrega de nuevo m\u00f3vil para la Patrulla Rural"},"content":{"rendered":"<p><!-- VideographyWP Plugin Message: Automatic video embedding prevented by plugin options. --><br \/>\nEsta ma\u00f1ana se entreg\u00f3 un nuevo m\u00f3vil para la Patrulla Rural. La presentaci\u00f3n se realiz\u00f3 en la puerta del Municipio de la ciudad donde participaron el Intendente Municipal, el Secretario de Gobierno, Secretario de Seguridad, Coordinador de la Polic\u00eda local y el Subcomisario Daniel Corsa.<\/p>\n","protected":false},"excerpt":{"rendered":"<p>Esta ma\u00f1ana se entreg\u00f3 un nuevo m\u00f3vil para la Patrulla Rural. La presentaci\u00f3n se realiz\u00f3 en la puerta del Municipio de la ciudad donde participaron el Intendente Municipal, el Secretario de Gobierno, Secretario de Seguridad, Coordinador de la Polic\u00eda local y el Subcomisario Daniel Corsa.<\/p>\n","protected":false},"author":4,"featured_media":31384,"comment_status":"open","ping_status":"closed","sticky":false,"template":"","format":"standard","meta":{"om_disable_all_campaigns":false,"_jetpack_memberships_contains_paid_content":false,"footnotes":""},"categories":[101,2],"tags":[],"class_list":["post-31383","post","type-post","status-publish","format-standard","has-post-thumbnail","hentry","category-interes-general-locales","category-locales"],"aioseo_notices":[],"gutentor_comment":0,"jetpack_featured_media_url":"https:\/\/eldiariodesanpedro.com.ar\/sitio\/wp-content\/uploads\/2018\/04\/pastedImage-6.png","jetpack_shortlink":"https:\/\/wp.me\/p6RhLt-8ab","jetpack_sharing_enabled":true,"_links":{"self":[{"href":"https:\/\/eldiariodesanpedro.com.ar\/sitio\/wp-json\/wp\/v2\/posts\/31383","targetHints":{"allow":["GET"]}}],"collection":[{"href":"https:\/\/eldiariodesanpedro.com.ar\/sitio\/wp-json\/wp\/v2\/posts"}],"about":[{"href":"https:\/\/eldiariodesanpedro.com.ar\/sitio\/wp-json\/wp\/v2\/types\/post"}],"author":[{"embeddable":true,"href":"https:\/\/eldiariodesanpedro.com.ar\/sitio\/wp-json\/wp\/v2\/users\/4"}],"replies":[{"embeddable":true,"href":"https:\/\/eldiariodesanpedro.com.ar\/sitio\/wp-json\/wp\/v2\/comments?post=31383"}],"version-history":[{"count":1,"href":"https:\/\/eldiariodesanpedro.com.ar\/sitio\/wp-json\/wp\/v2\/posts\/31383\/revisions"}],"predecessor-version":[{"id":31385,"href":"https:\/\/eldiariodesanpedro.com.ar\/sitio\/wp-json\/wp\/v2\/posts\/31383\/revisions\/31385"}],"wp:featuredmedia":[{"embeddable":true,"href":"https:\/\/eldiariodesanpedro.com.ar\/sitio\/wp-json\/wp\/v2\/media\/31384"}],"wp:attachment":[{"href":"https:\/\/eldiariodesanpedro.com.ar\/sitio\/wp-json\/wp\/v2\/media?parent=31383"}],"wp:term":[{"taxonomy":"category","embeddable":true,"href":"https:\/\/eldiariodesanpedro.com.ar\/sitio\/wp-json\/wp\/v2\/categories?post=31383"},{"taxonomy":"post_tag","embeddable":true,"href":"https:\/\/eldiariodesanpedro.com.ar\/sitio\/wp-json\/wp\/v2\/tags?post=31383"}],"curies":[{"name":"wp","href":"https:\/\/api.w.org\/{rel}","templated":true}]}}