{"id":31377,"date":"2018-04-09T20:14:39","date_gmt":"2018-04-09T23:14:39","guid":{"rendered":"https:\/\/eldiariodesanpedro.com.ar\/sitio\/?p=31377"},"modified":"2026-01-24T00:16:32","modified_gmt":"2026-01-24T03:16:32","slug":"torneo-federal-c-a-social-ramallo-le-cuesta-de-local-perdio-ante-9-de-julio-de-chacabuco-en-el-cotejo-de-ida","status":"publish","type":"post","link":"https:\/\/eldiariodesanpedro.com.ar\/sitio\/torneo-federal-c-a-social-ramallo-le-cuesta-de-local-perdio-ante-9-de-julio-de-chacabuco-en-el-cotejo-de-ida\/","title":{"rendered":"TORNEO FEDERAL C: A Social Ramallo le cuesta de local, perdi\u00f3 ante 9 de Julio de Chacabuco en el cotejo de ida"},"content":{"rendered":"<p><!-- VideographyWP Plugin Message: Automatic video embedding prevented by plugin options. --><br \/>\n Este domingo se jug\u00f3 el partido de ida &#8211; Semifinales &#8211; de la Regi\u00f3n Bonaerense Pampeana Norte del Torneo Federal C 2018. Juegan por dos ascensos, uno en cada llave al nuevo formato de Torneo que implementar\u00e1 el Consejo Federal. Social dej\u00f3 en el camino a dos equipos de nuestra liga: Las Palmeras de R\u00edo Tala y Paran\u00e1 FC.<\/p>\n<p><strong>Resultados<\/strong><\/p>\n<p><em>Ascenso 1<\/em><br \/>\nRacing de Col\u00f3n 2 &#8211; Atl\u00e9tico 9 de Julio 0<br \/>\nGoles: Gast\u00f3n Ferrari y Facundo Bravo de tiro penal.<br \/>\nSocial Ramallo 0 &#8211; 9 de Julio de Chacabuco 1<\/p>\n<p><strong>S\u00edntesis<\/strong><br \/>\nSocial: Luis G\u00f3mez; Emanuel Doblores, Alejandro Agotegaray, Agust\u00edn Velo y Mat\u00edas Siciliano; Nahuel Moreno, El\u00edas Mart\u00ednez C\u00f3ceres, Guido Reynoso, Ezequiel B\u00e1ez Corradi y El\u00edas S\u00e1nchez; Alejandro Monz\u00f3n. DT: Daniel Agotegaray.<br \/>\nCambios: Al\u00e1n P\u00e9rez por E. Mart\u00ednez C\u00f3ceres (S), Franco Galucci Otero por E. S\u00e1nchez y Federico Ant\u00fanez por Siciliano<br \/>\n9 de Julio: Emanuel Keizer; Fernando Durante, David Orellana, Jonathan Vel\u00e1zquez y Tom\u00e1s Frontera; Federico Salalo, Maximiliano Blanco, Mat\u00edas L\u00f3pez y Mateo D\u00edaz; Guido Montero y Dar\u00edo Vill\u00e1n. DT: Mario Gambini.<br \/>\nCambios: Agust\u00edn Bruno por Salalo y Sebasti\u00e1n Naya por G. Montero.<br \/>\nGol: 76m G. Montero (9dJ).<br \/>\nArbitro: Joaqu\u00edn Gil<br \/>\nAsistentes: Milton Ayala y Dami\u00e1n Bertolini, terna de San Pedro.<br \/>\nCancha: Sim\u00f3n Apizza, Social Ramallo.<\/p>\n<p><em>Ascenso 2<\/em><br \/>\n1: Fernando C\u00e1ceres F.C. (Luj\u00e1n) 1 vs. SATSAID de La Reja (Luj\u00e1n) 1.<br \/>\n2: Everton (La Plata) 1 vs. Nueva Alianza (La Plata) 0.<\/p>\n","protected":false},"excerpt":{"rendered":"<p>Este domingo se jug\u00f3 el partido de ida &#8211; Semifinales &#8211; de la Regi\u00f3n Bonaerense Pampeana Norte del Torneo Federal C 2018. Juegan por dos ascensos, uno en cada llave al nuevo formato de Torneo que implementar\u00e1 el Consejo Federal. Social dej\u00f3 en el camino a dos equipos de nuestra liga: Las Palmeras de R\u00edo [&hellip;]<\/p>\n","protected":false},"author":4,"featured_media":9187,"comment_status":"open","ping_status":"closed","sticky":false,"template":"","format":"standard","meta":{"om_disable_all_campaigns":false,"_jetpack_memberships_contains_paid_content":false,"footnotes":""},"categories":[5],"tags":[],"class_list":["post-31377","post","type-post","status-publish","format-standard","has-post-thumbnail","hentry","category-deportes"],"aioseo_notices":[],"gutentor_comment":0,"jetpack_featured_media_url":"https:\/\/eldiariodesanpedro.com.ar\/sitio\/wp-content\/uploads\/2016\/10\/cesped-pelota-futbol.jpg","jetpack_shortlink":"https:\/\/wp.me\/p6RhLt-8a5","jetpack_sharing_enabled":true,"_links":{"self":[{"href":"https:\/\/eldiariodesanpedro.com.ar\/sitio\/wp-json\/wp\/v2\/posts\/31377","targetHints":{"allow":["GET"]}}],"collection":[{"href":"https:\/\/eldiariodesanpedro.com.ar\/sitio\/wp-json\/wp\/v2\/posts"}],"about":[{"href":"https:\/\/eldiariodesanpedro.com.ar\/sitio\/wp-json\/wp\/v2\/types\/post"}],"author":[{"embeddable":true,"href":"https:\/\/eldiariodesanpedro.com.ar\/sitio\/wp-json\/wp\/v2\/users\/4"}],"replies":[{"embeddable":true,"href":"https:\/\/eldiariodesanpedro.com.ar\/sitio\/wp-json\/wp\/v2\/comments?post=31377"}],"version-history":[{"count":1,"href":"https:\/\/eldiariodesanpedro.com.ar\/sitio\/wp-json\/wp\/v2\/posts\/31377\/revisions"}],"predecessor-version":[{"id":31378,"href":"https:\/\/eldiariodesanpedro.com.ar\/sitio\/wp-json\/wp\/v2\/posts\/31377\/revisions\/31378"}],"wp:featuredmedia":[{"embeddable":true,"href":"https:\/\/eldiariodesanpedro.com.ar\/sitio\/wp-json\/wp\/v2\/media\/9187"}],"wp:attachment":[{"href":"https:\/\/eldiariodesanpedro.com.ar\/sitio\/wp-json\/wp\/v2\/media?parent=31377"}],"wp:term":[{"taxonomy":"category","embeddable":true,"href":"https:\/\/eldiariodesanpedro.com.ar\/sitio\/wp-json\/wp\/v2\/categories?post=31377"},{"taxonomy":"post_tag","embeddable":true,"href":"https:\/\/eldiariodesanpedro.com.ar\/sitio\/wp-json\/wp\/v2\/tags?post=31377"}],"curies":[{"name":"wp","href":"https:\/\/api.w.org\/{rel}","templated":true}]}}