{"id":31373,"date":"2018-04-09T20:12:51","date_gmt":"2018-04-09T23:12:51","guid":{"rendered":"https:\/\/eldiariodesanpedro.com.ar\/sitio\/?p=31373"},"modified":"2026-01-24T00:16:33","modified_gmt":"2026-01-24T03:16:33","slug":"patin-artistico-tres-deportistas-clasificaron-al-nacional-b-de-san-juan","status":"publish","type":"post","link":"https:\/\/eldiariodesanpedro.com.ar\/sitio\/patin-artistico-tres-deportistas-clasificaron-al-nacional-b-de-san-juan\/","title":{"rendered":"PAT\u00cdN ART\u00cdSTICO: Tres deportistas clasificaron al Nacional B de San Juan"},"content":{"rendered":"<p><!-- VideographyWP Plugin Message: Automatic video embedding prevented by plugin options. --><br \/>\n  Deportistas representantes del Club Pescadores y del Club A. Mitre lograron clasificar en dos localidades diferentes al Campeonato nacional de San Juan. <\/p>\n<p>  En Centro Integral de Patinaje Art\u00edstico (CIPA) ubicado en Avellaneda, Buenos Aires, se realiz\u00f3 el clasificatorio para el \u201cCampeonato Nacional\u201d de la categor\u00eda \u201cB\u201d-se realizar\u00e1 en mayo en la provincia de San Juan- las deportistas del Club Pescadores Abril Medina Casco y Nayarit P\u00e9rez lograron clasificar y ser parte, una vez m\u00e1s, de tan importante evento a nivel nacional. Como siempre acompa\u00f1adas y orientadas por su t\u00e9cnica Eliana Gonz\u00e1lez.<\/p>\n<p>  El 6, 7 y 8 de abril se desarroll\u00f3 el Provincial de Pat\u00edn Art\u00edstico en el sal\u00f3n del Club Ferro Carril Oeste de Trenque Lauquen, clasificatorio al Nacional. Serena M\u00fa\u00f1oz (Club Atl\u00e9tico Mitre), en gran actuaci\u00f3n, clasific\u00f3 para el campeonato Nacional B a realizarse en la provincia de San Juan. Junto a la deportista estuvo su entrenadora M. Paula Ferreyra. <\/p>\n<p><img decoding=\"async\" data-attachment-id=\"31375\" data-permalink=\"https:\/\/eldiariodesanpedro.com.ar\/sitio\/patin-artistico-tres-deportistas-clasificaron-al-nacional-b-de-san-juan\/serena-en-el-podio-de-t-lauquen\/\" data-orig-file=\"https:\/\/eldiariodesanpedro.com.ar\/sitio\/wp-content\/uploads\/2018\/04\/Serena-en-el-podio-de-T.-Lauquen.jpg\" data-orig-size=\"960,720\" data-comments-opened=\"1\" data-image-meta=\"{&quot;aperture&quot;:&quot;0&quot;,&quot;credit&quot;:&quot;&quot;,&quot;camera&quot;:&quot;&quot;,&quot;caption&quot;:&quot;&quot;,&quot;created_timestamp&quot;:&quot;0&quot;,&quot;copyright&quot;:&quot;&quot;,&quot;focal_length&quot;:&quot;0&quot;,&quot;iso&quot;:&quot;0&quot;,&quot;shutter_speed&quot;:&quot;0&quot;,&quot;title&quot;:&quot;&quot;,&quot;orientation&quot;:&quot;0&quot;}\" data-image-title=\"Serena en el podio de T. Lauquen\" data-image-description=\"\" data-image-caption=\"\" data-large-file=\"https:\/\/eldiariodesanpedro.com.ar\/sitio\/wp-content\/uploads\/2018\/04\/Serena-en-el-podio-de-T.-Lauquen.jpg\" data-src=\"https:\/\/eldiariodesanpedro.com.ar\/sitio\/wp-content\/uploads\/2018\/04\/Serena-en-el-podio-de-T.-Lauquen.jpg\" alt=\"\" width=\"960\" height=\"720\" class=\"alignnone size-full wp-image-31375 lazyload\" data-srcset=\"https:\/\/eldiariodesanpedro.com.ar\/sitio\/wp-content\/uploads\/2018\/04\/Serena-en-el-podio-de-T.-Lauquen.jpg 960w, https:\/\/eldiariodesanpedro.com.ar\/sitio\/wp-content\/uploads\/2018\/04\/Serena-en-el-podio-de-T.-Lauquen-300x225.jpg 300w, https:\/\/eldiariodesanpedro.com.ar\/sitio\/wp-content\/uploads\/2018\/04\/Serena-en-el-podio-de-T.-Lauquen-768x576.jpg 768w\" data-sizes=\"(max-width: 960px) 100vw, 960px\" src=\"data:image\/svg+xml;base64,PHN2ZyB3aWR0aD0iMSIgaGVpZ2h0PSIxIiB4bWxucz0iaHR0cDovL3d3dy53My5vcmcvMjAwMC9zdmciPjwvc3ZnPg==\" style=\"--smush-placeholder-width: 960px; --smush-placeholder-aspect-ratio: 960\/720;\" \/><\/p>\n","protected":false},"excerpt":{"rendered":"<p>Deportistas representantes del Club Pescadores y del Club A. Mitre lograron clasificar en dos localidades diferentes al Campeonato nacional de San Juan. En Centro Integral de Patinaje Art\u00edstico (CIPA) ubicado en Avellaneda, Buenos Aires, se realiz\u00f3 el clasificatorio para el \u201cCampeonato Nacional\u201d de la categor\u00eda \u201cB\u201d-se realizar\u00e1 en mayo en la provincia de San Juan- [&hellip;]<\/p>\n","protected":false},"author":4,"featured_media":31374,"comment_status":"open","ping_status":"closed","sticky":false,"template":"","format":"standard","meta":{"om_disable_all_campaigns":false,"_jetpack_memberships_contains_paid_content":false,"footnotes":""},"categories":[5],"tags":[],"class_list":["post-31373","post","type-post","status-publish","format-standard","has-post-thumbnail","hentry","category-deportes"],"aioseo_notices":[],"gutentor_comment":0,"jetpack_featured_media_url":"https:\/\/eldiariodesanpedro.com.ar\/sitio\/wp-content\/uploads\/2018\/04\/Medina-Casco-y-P\u00e9rez-junto-a-Gonz\u00e1lez.jpg","jetpack_shortlink":"https:\/\/wp.me\/p6RhLt-8a1","jetpack_sharing_enabled":true,"_links":{"self":[{"href":"https:\/\/eldiariodesanpedro.com.ar\/sitio\/wp-json\/wp\/v2\/posts\/31373","targetHints":{"allow":["GET"]}}],"collection":[{"href":"https:\/\/eldiariodesanpedro.com.ar\/sitio\/wp-json\/wp\/v2\/posts"}],"about":[{"href":"https:\/\/eldiariodesanpedro.com.ar\/sitio\/wp-json\/wp\/v2\/types\/post"}],"author":[{"embeddable":true,"href":"https:\/\/eldiariodesanpedro.com.ar\/sitio\/wp-json\/wp\/v2\/users\/4"}],"replies":[{"embeddable":true,"href":"https:\/\/eldiariodesanpedro.com.ar\/sitio\/wp-json\/wp\/v2\/comments?post=31373"}],"version-history":[{"count":1,"href":"https:\/\/eldiariodesanpedro.com.ar\/sitio\/wp-json\/wp\/v2\/posts\/31373\/revisions"}],"predecessor-version":[{"id":31376,"href":"https:\/\/eldiariodesanpedro.com.ar\/sitio\/wp-json\/wp\/v2\/posts\/31373\/revisions\/31376"}],"wp:featuredmedia":[{"embeddable":true,"href":"https:\/\/eldiariodesanpedro.com.ar\/sitio\/wp-json\/wp\/v2\/media\/31374"}],"wp:attachment":[{"href":"https:\/\/eldiariodesanpedro.com.ar\/sitio\/wp-json\/wp\/v2\/media?parent=31373"}],"wp:term":[{"taxonomy":"category","embeddable":true,"href":"https:\/\/eldiariodesanpedro.com.ar\/sitio\/wp-json\/wp\/v2\/categories?post=31373"},{"taxonomy":"post_tag","embeddable":true,"href":"https:\/\/eldiariodesanpedro.com.ar\/sitio\/wp-json\/wp\/v2\/tags?post=31373"}],"curies":[{"name":"wp","href":"https:\/\/api.w.org\/{rel}","templated":true}]}}