{"id":31368,"date":"2018-04-09T20:10:14","date_gmt":"2018-04-09T23:10:14","guid":{"rendered":"https:\/\/eldiariodesanpedro.com.ar\/sitio\/?p=31368"},"modified":"2026-01-24T00:16:33","modified_gmt":"2026-01-24T03:16:33","slug":"boxeo-en-ramallo-y-empalme-v-constitucion-hubo-pugiles-de-nuestra-ciudad","status":"publish","type":"post","link":"https:\/\/eldiariodesanpedro.com.ar\/sitio\/boxeo-en-ramallo-y-empalme-v-constitucion-hubo-pugiles-de-nuestra-ciudad\/","title":{"rendered":"BOXEO: En Ramallo y Empalme V. Constituci\u00f3n hubo p\u00fagiles de nuestra ciudad"},"content":{"rendered":"<p><!-- VideographyWP Plugin Message: Automatic video embedding prevented by plugin options. --><br \/>\n  En el Club Paran\u00e1 de Ramallo se desarroll\u00f3 el festival que cont\u00f3 con la presencia de boxeadores de nuestra localidad, con ocho peleas entre aficionados y tres por el t\u00edtulo de la Asociaci\u00f3n de Managers y Boxeadores Argentinos Profesional y Amateur (AMBAPA) que fiscaliza un nicole\u00f1o.<\/p>\n<p><strong>T\u00edtulos en juego<\/strong><br \/>\n  En fallo dividido, la local Nieves Marcone (categor\u00eda w\u00e9lter ligero) super\u00f3 a Roc\u00edo B\u00e1ez (V. Tuerto); Enrique Poletti (w\u00e9lter ligero, natural de Ramallo) gan\u00f3 en fallo un\u00e1nime a Cristian Peralta (Venado Tuerto) y, finalmente, en la tercera con t\u00edtulo en juego Maximiliano Zapata (w\u00e9lter ligero, Ramallo) le gan\u00f3 al sampedrino Facundo Lillo en fallo dividido que no dej\u00f3 muy conforme a la delegaci\u00f3n visitante.<br \/>\n  Tambi\u00e9n fueron parte del programa de las preliminares El\u00edas Lillo y E. Estellrich, quienes no pudieron alzarse con el triunfo. Todos entrenan en el Gimnasio de \u00abPato\u00bb Dona.<\/p>\n<p><strong>En Empalme Villa Constituci\u00f3n<\/strong><br \/>\n  Fue en el Club de Jubilados de Empalme V. Constituci\u00f3n, como preliminares de un combate profesional. La promisoria figura Gonzalo Panelo gan\u00f3 por KO en 3 rounds al p\u00fagil de Empalme Villa Constituci\u00f3n; Emiliano Borda, draw ante nicole\u00f1o y Nicol\u00e1s Romero (Alsina), tambi\u00e9n empate. Los tres entrenan en la escuela de Boxeo del Club A. Banfield con Jos\u00e9 Cancelo e Ismael Ibarrolla. <\/p>\n<p>  Gonzalo Panelo es hijo de Miguel, un ex boxeador que desarroll\u00f3 su actividad durante 1995 y 1996. Se retir\u00f3 con un gran r\u00e9cord de 4-0-0 como Profesional (3KO) luego de una carrera como aficionado m\u00e1s que interesante.<br \/>\n  Emiliano Borda tambi\u00e9n conoce del box aunque, poco vio a \u00abPaqui\u00bb, su pap\u00e1, tambi\u00e9n ex boxeador (Marcelo Fabi\u00e1n) quien se retir\u00f3 con 2-6-2.<\/p>\n","protected":false},"excerpt":{"rendered":"<p>En el Club Paran\u00e1 de Ramallo se desarroll\u00f3 el festival que cont\u00f3 con la presencia de boxeadores de nuestra localidad, con ocho peleas entre aficionados y tres por el t\u00edtulo de la Asociaci\u00f3n de Managers y Boxeadores Argentinos Profesional y Amateur (AMBAPA) que fiscaliza un nicole\u00f1o. T\u00edtulos en juego En fallo dividido, la local Nieves [&hellip;]<\/p>\n","protected":false},"author":4,"featured_media":31370,"comment_status":"open","ping_status":"closed","sticky":false,"template":"","format":"standard","meta":{"om_disable_all_campaigns":false,"_jetpack_memberships_contains_paid_content":false,"footnotes":""},"categories":[5],"tags":[],"class_list":["post-31368","post","type-post","status-publish","format-standard","has-post-thumbnail","hentry","category-deportes"],"aioseo_notices":[],"gutentor_comment":0,"jetpack_featured_media_url":"https:\/\/eldiariodesanpedro.com.ar\/sitio\/wp-content\/uploads\/2018\/04\/Cancelo-Panelo-Borda-Ibarrolla-y-Romero.jpg","jetpack_shortlink":"https:\/\/wp.me\/p6RhLt-89W","jetpack_sharing_enabled":true,"_links":{"self":[{"href":"https:\/\/eldiariodesanpedro.com.ar\/sitio\/wp-json\/wp\/v2\/posts\/31368","targetHints":{"allow":["GET"]}}],"collection":[{"href":"https:\/\/eldiariodesanpedro.com.ar\/sitio\/wp-json\/wp\/v2\/posts"}],"about":[{"href":"https:\/\/eldiariodesanpedro.com.ar\/sitio\/wp-json\/wp\/v2\/types\/post"}],"author":[{"embeddable":true,"href":"https:\/\/eldiariodesanpedro.com.ar\/sitio\/wp-json\/wp\/v2\/users\/4"}],"replies":[{"embeddable":true,"href":"https:\/\/eldiariodesanpedro.com.ar\/sitio\/wp-json\/wp\/v2\/comments?post=31368"}],"version-history":[{"count":1,"href":"https:\/\/eldiariodesanpedro.com.ar\/sitio\/wp-json\/wp\/v2\/posts\/31368\/revisions"}],"predecessor-version":[{"id":31372,"href":"https:\/\/eldiariodesanpedro.com.ar\/sitio\/wp-json\/wp\/v2\/posts\/31368\/revisions\/31372"}],"wp:featuredmedia":[{"embeddable":true,"href":"https:\/\/eldiariodesanpedro.com.ar\/sitio\/wp-json\/wp\/v2\/media\/31370"}],"wp:attachment":[{"href":"https:\/\/eldiariodesanpedro.com.ar\/sitio\/wp-json\/wp\/v2\/media?parent=31368"}],"wp:term":[{"taxonomy":"category","embeddable":true,"href":"https:\/\/eldiariodesanpedro.com.ar\/sitio\/wp-json\/wp\/v2\/categories?post=31368"},{"taxonomy":"post_tag","embeddable":true,"href":"https:\/\/eldiariodesanpedro.com.ar\/sitio\/wp-json\/wp\/v2\/tags?post=31368"}],"curies":[{"name":"wp","href":"https:\/\/api.w.org\/{rel}","templated":true}]}}