{"id":31314,"date":"2018-04-08T20:55:27","date_gmt":"2018-04-08T23:55:27","guid":{"rendered":"https:\/\/eldiariodesanpedro.com.ar\/sitio\/?p=31314"},"modified":"2018-04-08T20:55:27","modified_gmt":"2018-04-08T23:55:27","slug":"san-nicolas-denunciaron-a-una-maestra-jardinera","status":"publish","type":"post","link":"https:\/\/eldiariodesanpedro.com.ar\/sitio\/san-nicolas-denunciaron-a-una-maestra-jardinera\/","title":{"rendered":"SAN NICOL\u00c1S: Denunciaron a una maestra jardinera"},"content":{"rendered":"<p><!-- VideographyWP Plugin Message: Automatic video embedding prevented by plugin options. --><br \/>\nEn Fiscal\u00eda N\u00b01 del Dr. Patricio Mugica D\u00edaz se recibi\u00f3 una denuncia contra una maestra jardinera del jard\u00edn de infantes N\u00b0901 de barrio Somisa, por malos tratos hacia un alumno de 4 a\u00f1os.<\/p>\n<p>  Seg\u00fan se inform\u00f3 a EL NORTE, esta maestra habr\u00eda sido denunciada anteriormente por malos tratos contra los ni\u00f1os.<br \/>\n  Tambi\u00e9n hubo numerosos comentarios contra esta mujer de quien se public\u00f3 su nombre y su foto, y sufri\u00f3 un virulento \u201cescrache\u201d en redes sociales.<\/p>\n<p>  EL NORTE se comunic\u00f3 ayer con Soledad, la mam\u00e1 del nene, quien sostuvo que su hijo le cont\u00f3 que la maestra le hab\u00eda pegado. \u201cMami, la se\u00f1o me peg\u00f3\u201d, le dijo el ni\u00f1o. La madre no le dio importancia hasta que a la semana siguiente el ni\u00f1o le volvi\u00f3 a decir que le hab\u00eda pegado. <\/p>\n<p>  Se reuni\u00f3 con la directora del jard\u00edn y la maestra a las que les inform\u00f3 que ir\u00eda al psic\u00f3logo. <\/p>\n<p>  Y tambi\u00e9n decidi\u00f3 hacer la denuncia en la UFI N\u00b01 ubicada en Col\u00f3n y Garibaldi, donde le informaron que la docente ya ten\u00eda varias denuncias en su contra.<\/p>\n<p>  La mam\u00e1 tambi\u00e9n inform\u00f3 que hoy a la ma\u00f1ana se realizar\u00e1 una reuni\u00f3n en el jard\u00edn con los pap\u00e1s y la directora.<\/p>\n<p>Fuente: Diario EL Norte<\/p>\n","protected":false},"excerpt":{"rendered":"<p>En Fiscal\u00eda N\u00b01 del Dr. Patricio Mugica D\u00edaz se recibi\u00f3 una denuncia contra una maestra jardinera del jard\u00edn de infantes N\u00b0901 de barrio Somisa, por malos tratos hacia un alumno de 4 a\u00f1os. Seg\u00fan se inform\u00f3 a EL NORTE, esta maestra habr\u00eda sido denunciada anteriormente por malos tratos contra los ni\u00f1os. Tambi\u00e9n hubo numerosos comentarios [&hellip;]<\/p>\n","protected":false},"author":4,"featured_media":31317,"comment_status":"open","ping_status":"closed","sticky":false,"template":"","format":"standard","meta":{"om_disable_all_campaigns":false,"_jetpack_memberships_contains_paid_content":false,"footnotes":""},"categories":[621],"tags":[],"class_list":["post-31314","post","type-post","status-publish","format-standard","has-post-thumbnail","hentry","category-regionales"],"aioseo_notices":[],"gutentor_comment":0,"jetpack_featured_media_url":"https:\/\/eldiariodesanpedro.com.ar\/sitio\/wp-content\/uploads\/2018\/04\/jardin-infantes.jpg","jetpack_shortlink":"https:\/\/wp.me\/p6RhLt-894","jetpack_sharing_enabled":true,"_links":{"self":[{"href":"https:\/\/eldiariodesanpedro.com.ar\/sitio\/wp-json\/wp\/v2\/posts\/31314","targetHints":{"allow":["GET"]}}],"collection":[{"href":"https:\/\/eldiariodesanpedro.com.ar\/sitio\/wp-json\/wp\/v2\/posts"}],"about":[{"href":"https:\/\/eldiariodesanpedro.com.ar\/sitio\/wp-json\/wp\/v2\/types\/post"}],"author":[{"embeddable":true,"href":"https:\/\/eldiariodesanpedro.com.ar\/sitio\/wp-json\/wp\/v2\/users\/4"}],"replies":[{"embeddable":true,"href":"https:\/\/eldiariodesanpedro.com.ar\/sitio\/wp-json\/wp\/v2\/comments?post=31314"}],"version-history":[{"count":1,"href":"https:\/\/eldiariodesanpedro.com.ar\/sitio\/wp-json\/wp\/v2\/posts\/31314\/revisions"}],"predecessor-version":[{"id":31319,"href":"https:\/\/eldiariodesanpedro.com.ar\/sitio\/wp-json\/wp\/v2\/posts\/31314\/revisions\/31319"}],"wp:featuredmedia":[{"embeddable":true,"href":"https:\/\/eldiariodesanpedro.com.ar\/sitio\/wp-json\/wp\/v2\/media\/31317"}],"wp:attachment":[{"href":"https:\/\/eldiariodesanpedro.com.ar\/sitio\/wp-json\/wp\/v2\/media?parent=31314"}],"wp:term":[{"taxonomy":"category","embeddable":true,"href":"https:\/\/eldiariodesanpedro.com.ar\/sitio\/wp-json\/wp\/v2\/categories?post=31314"},{"taxonomy":"post_tag","embeddable":true,"href":"https:\/\/eldiariodesanpedro.com.ar\/sitio\/wp-json\/wp\/v2\/tags?post=31314"}],"curies":[{"name":"wp","href":"https:\/\/api.w.org\/{rel}","templated":true}]}}