{"id":31313,"date":"2018-04-08T20:54:09","date_gmt":"2018-04-08T23:54:09","guid":{"rendered":"https:\/\/eldiariodesanpedro.com.ar\/sitio\/?p=31313"},"modified":"2018-04-08T20:54:09","modified_gmt":"2018-04-08T23:54:09","slug":"alsina-accidente-fatal-en-ruta-9","status":"publish","type":"post","link":"https:\/\/eldiariodesanpedro.com.ar\/sitio\/alsina-accidente-fatal-en-ruta-9\/","title":{"rendered":"ALSINA: Accidente fatal en Ruta 9"},"content":{"rendered":"<p><!-- VideographyWP Plugin Message: Automatic video embedding prevented by plugin options. --><br \/>\nEl choque se produjo alrededor de las 12.40 de este s\u00e1bado, en el kil\u00f3metro 140 de la Ruta Nacional N\u00ba9, a la altura de la localidad bonaerense de Alsina. De acuerdo a las primeras informaciones, el conductor de la Renault Duster gris, en la que se trasladaba una familia oriunda de Rosario, perdi\u00f3 el control del veh\u00edculo e impact\u00f3 contra una Sandero negra.<\/p>\n<p>  El veh\u00edculo se cruz\u00f3 de carril e impact\u00f3 contra otro que circulaba en direcci\u00f3n contraria. Las v\u00edctimas fatales fueron identificadas como Sandra Fulgueira, de 50 a\u00f1os, y Gina Squillaci, de 21, esposa y la hija del periodista del diario La Capital Pedro Squillaci, quien result\u00f3 herido en el accidente.<\/p>\n<p>  La hip\u00f3tesis m\u00e1s firme que manejan los investigadores es que la Duster perdi\u00f3 el control, mordi\u00f3 la banquina, se cruz\u00f3 de carril dando tumbos y finalmente impact\u00f3 contra la otra camioneta.<\/p>\n<p>  Como consecuencia del impacto falleci\u00f3 en el acto Gina Squillaci y, m\u00e1s tarde, cuando era trasladada al Hospital Municipal Lino Pi\u00f1eiro de nuestra ciudad, la esposa del periodista, Sandra Fulgueira.<\/p>\n<p>  Por su parte, Squillaci sufri\u00f3 golpes y un traumatismo de cr\u00e1neo sin p\u00e9rdida de conocimiento y se encuentra internado en terapia intensiva, aunque fuera de peligro.<\/p>\n<p>Fuente: El Ciudadano Web<\/p>\n","protected":false},"excerpt":{"rendered":"<p>El choque se produjo alrededor de las 12.40 de este s\u00e1bado, en el kil\u00f3metro 140 de la Ruta Nacional N\u00ba9, a la altura de la localidad bonaerense de Alsina. De acuerdo a las primeras informaciones, el conductor de la Renault Duster gris, en la que se trasladaba una familia oriunda de Rosario, perdi\u00f3 el control [&hellip;]<\/p>\n","protected":false},"author":4,"featured_media":31315,"comment_status":"open","ping_status":"closed","sticky":false,"template":"","format":"standard","meta":{"om_disable_all_campaigns":false,"_jetpack_memberships_contains_paid_content":false,"footnotes":""},"categories":[621],"tags":[],"class_list":["post-31313","post","type-post","status-publish","format-standard","has-post-thumbnail","hentry","category-regionales"],"aioseo_notices":[],"gutentor_comment":0,"jetpack_featured_media_url":"https:\/\/eldiariodesanpedro.com.ar\/sitio\/wp-content\/uploads\/2018\/04\/El-autom\u00f3vil-se-cruz\u00f3-de-carril-e-impact\u00f3-a-otro-veh\u00edculo.jpg","jetpack_shortlink":"https:\/\/wp.me\/p6RhLt-893","jetpack_sharing_enabled":true,"_links":{"self":[{"href":"https:\/\/eldiariodesanpedro.com.ar\/sitio\/wp-json\/wp\/v2\/posts\/31313","targetHints":{"allow":["GET"]}}],"collection":[{"href":"https:\/\/eldiariodesanpedro.com.ar\/sitio\/wp-json\/wp\/v2\/posts"}],"about":[{"href":"https:\/\/eldiariodesanpedro.com.ar\/sitio\/wp-json\/wp\/v2\/types\/post"}],"author":[{"embeddable":true,"href":"https:\/\/eldiariodesanpedro.com.ar\/sitio\/wp-json\/wp\/v2\/users\/4"}],"replies":[{"embeddable":true,"href":"https:\/\/eldiariodesanpedro.com.ar\/sitio\/wp-json\/wp\/v2\/comments?post=31313"}],"version-history":[{"count":1,"href":"https:\/\/eldiariodesanpedro.com.ar\/sitio\/wp-json\/wp\/v2\/posts\/31313\/revisions"}],"predecessor-version":[{"id":31316,"href":"https:\/\/eldiariodesanpedro.com.ar\/sitio\/wp-json\/wp\/v2\/posts\/31313\/revisions\/31316"}],"wp:featuredmedia":[{"embeddable":true,"href":"https:\/\/eldiariodesanpedro.com.ar\/sitio\/wp-json\/wp\/v2\/media\/31315"}],"wp:attachment":[{"href":"https:\/\/eldiariodesanpedro.com.ar\/sitio\/wp-json\/wp\/v2\/media?parent=31313"}],"wp:term":[{"taxonomy":"category","embeddable":true,"href":"https:\/\/eldiariodesanpedro.com.ar\/sitio\/wp-json\/wp\/v2\/categories?post=31313"},{"taxonomy":"post_tag","embeddable":true,"href":"https:\/\/eldiariodesanpedro.com.ar\/sitio\/wp-json\/wp\/v2\/tags?post=31313"}],"curies":[{"name":"wp","href":"https:\/\/api.w.org\/{rel}","templated":true}]}}