{"id":31308,"date":"2018-04-08T20:50:17","date_gmt":"2018-04-08T23:50:17","guid":{"rendered":"https:\/\/eldiariodesanpedro.com.ar\/sitio\/?p=31308"},"modified":"2018-04-08T20:50:17","modified_gmt":"2018-04-08T23:50:17","slug":"san-nicolas-un-colectivo-volco-en-ruta-9","status":"publish","type":"post","link":"https:\/\/eldiariodesanpedro.com.ar\/sitio\/san-nicolas-un-colectivo-volco-en-ruta-9\/","title":{"rendered":"SAN NICOL\u00c1S: Un colectivo volc\u00f3 en Ruta 9"},"content":{"rendered":"<p><!-- VideographyWP Plugin Message: Automatic video embedding prevented by plugin options. --><br \/>\n  En horas del mediod\u00eda de este s\u00e1bado, un \u00f3mnibus de la empresa Flecha Bus que transportaba a un equipo de rugby hasta Santa Fe volc\u00f3 en la Ruta 9 en kil\u00f3metro 235 sentido Buenos Aires-Rosario.<\/p>\n<p>  Las primeras informaciones indicar\u00edan que se debi\u00f3 a la presencia de espejos de agua y al asfalto mojado, aunque es materia de investigaci\u00f3n.<\/p>\n<p>  Los tripulantes del colectivo de larga distancia pertenec\u00edan al Seleccionado M18 de la uni\u00f3n de Rugby de Buenos Aires y se dirig\u00edan a participar de la etapa final del Torneo Argentino Juvenil.<\/p>\n<p>  Afortunadamente, ninguno de ellos sufri\u00f3 lesiones de gravedad. Algunos debieron ser asistidos por heridas leves en el Hospital San Felipe y se cancel\u00f3 el partido que disputar\u00edan este domingo.<\/p>\n","protected":false},"excerpt":{"rendered":"<p>En horas del mediod\u00eda de este s\u00e1bado, un \u00f3mnibus de la empresa Flecha Bus que transportaba a un equipo de rugby hasta Santa Fe volc\u00f3 en la Ruta 9 en kil\u00f3metro 235 sentido Buenos Aires-Rosario. Las primeras informaciones indicar\u00edan que se debi\u00f3 a la presencia de espejos de agua y al asfalto mojado, aunque es [&hellip;]<\/p>\n","protected":false},"author":4,"featured_media":31310,"comment_status":"open","ping_status":"closed","sticky":false,"template":"","format":"standard","meta":{"om_disable_all_campaigns":false,"_jetpack_memberships_contains_paid_content":false,"footnotes":""},"categories":[621],"tags":[],"class_list":["post-31308","post","type-post","status-publish","format-standard","has-post-thumbnail","hentry","category-regionales"],"aioseo_notices":[],"gutentor_comment":0,"jetpack_featured_media_url":"https:\/\/eldiariodesanpedro.com.ar\/sitio\/wp-content\/uploads\/2018\/04\/Un-colectivo-volc\u00f3-en-la-Ruta-9.jpg","jetpack_shortlink":"https:\/\/wp.me\/p6RhLt-88Y","jetpack_sharing_enabled":true,"_links":{"self":[{"href":"https:\/\/eldiariodesanpedro.com.ar\/sitio\/wp-json\/wp\/v2\/posts\/31308","targetHints":{"allow":["GET"]}}],"collection":[{"href":"https:\/\/eldiariodesanpedro.com.ar\/sitio\/wp-json\/wp\/v2\/posts"}],"about":[{"href":"https:\/\/eldiariodesanpedro.com.ar\/sitio\/wp-json\/wp\/v2\/types\/post"}],"author":[{"embeddable":true,"href":"https:\/\/eldiariodesanpedro.com.ar\/sitio\/wp-json\/wp\/v2\/users\/4"}],"replies":[{"embeddable":true,"href":"https:\/\/eldiariodesanpedro.com.ar\/sitio\/wp-json\/wp\/v2\/comments?post=31308"}],"version-history":[{"count":1,"href":"https:\/\/eldiariodesanpedro.com.ar\/sitio\/wp-json\/wp\/v2\/posts\/31308\/revisions"}],"predecessor-version":[{"id":31312,"href":"https:\/\/eldiariodesanpedro.com.ar\/sitio\/wp-json\/wp\/v2\/posts\/31308\/revisions\/31312"}],"wp:featuredmedia":[{"embeddable":true,"href":"https:\/\/eldiariodesanpedro.com.ar\/sitio\/wp-json\/wp\/v2\/media\/31310"}],"wp:attachment":[{"href":"https:\/\/eldiariodesanpedro.com.ar\/sitio\/wp-json\/wp\/v2\/media?parent=31308"}],"wp:term":[{"taxonomy":"category","embeddable":true,"href":"https:\/\/eldiariodesanpedro.com.ar\/sitio\/wp-json\/wp\/v2\/categories?post=31308"},{"taxonomy":"post_tag","embeddable":true,"href":"https:\/\/eldiariodesanpedro.com.ar\/sitio\/wp-json\/wp\/v2\/tags?post=31308"}],"curies":[{"name":"wp","href":"https:\/\/api.w.org\/{rel}","templated":true}]}}