{"id":31306,"date":"2018-04-08T20:50:13","date_gmt":"2018-04-08T23:50:13","guid":{"rendered":"https:\/\/eldiariodesanpedro.com.ar\/sitio\/?p=31306"},"modified":"2018-04-08T20:50:13","modified_gmt":"2018-04-08T23:50:13","slug":"san-nicolas-cayo-la-banda-del-cartero-que-operaba-en-san-nicolas","status":"publish","type":"post","link":"https:\/\/eldiariodesanpedro.com.ar\/sitio\/san-nicolas-cayo-la-banda-del-cartero-que-operaba-en-san-nicolas\/","title":{"rendered":"SAN NICOL\u00c1S: Cay\u00f3 la \u201cBanda del Cartero\u201d que operaba en San Nicol\u00e1s"},"content":{"rendered":"<p><!-- VideographyWP Plugin Message: Automatic video embedding prevented by plugin options. --><br \/>\nTras una serie de allanamientos realizados por personal de la DDI, Grupo GAD San Nicol\u00e1s, CP San Nicol\u00e1s, y Comisar\u00eda San Nicol\u00e1s Primera, se logr\u00f3 desbaratar a una banda que comet\u00eda il\u00edcitos disfrazados de carteros. Son once los hechos por los que est\u00e1n siendo investigados. La justicia detuvo a tres personas y recuper\u00f3 varios de los elementos robados.<\/p>\n<p>  Era la hora de la \u201csiesta\u201d, el timbre son\u00f3 y la se\u00f1ora mayor sali\u00f3 a atender. Afuera, en la vereda de su vivienda de calle Le\u00f3n Guruciaga, hab\u00eda un empleado del correo, con una carta en sus manos. La mujer, ya advertida por sus nietos de que estaban robando mucho, no se apresur\u00f3 a abrir la puerta y pregunt\u00f3 desde la ventana que era lo que necesitaba. En esa ocasi\u00f3n el cartero empez\u00f3 a interrogar por un nombre, se lo notaba nervioso y que miraba para todos lados. La se\u00f1ora le explic\u00f3 que su hijo no estaba, que vuelva despu\u00e9s y fue cuando el supuesto cartero extrajo un arma y la apunt\u00f3.<br \/>\n  En ese momento llegaron por casualidad otros vecinos, el sujeto escondi\u00f3 el rev\u00f3lver y ante los gritos de la mujer logr\u00f3 huir corriendo. En esta ocasi\u00f3n, la suerte ayud\u00f3 a la v\u00edctima, pero no fue as\u00ed en otros casos.<br \/>\n  Por ejemplo, el pasado 23 de noviembre, en circunstancias en que una mujer mayor de edad se encontraba tambi\u00e9n sola en su vivienda y tras golpear su puerta, al ir a atender fue sorprendida por dos sujetos quienes, mediante arma de fuego y vestidos de carteros, la golpearon e ingresaron a su domicilio sustray\u00e9ndole dinero y pertenencias varias.<br \/>\n  Esta modalidad delictiva se repiti\u00f3 en varias ocasiones, inclusive en algunos casos se pudo advertir la maniobra, pero los presuntos carteros lograban huir. La alarma ya estaba disparada en la ciudad y los sujetos parec\u00edan actuar con total impunidad. <\/p>\n<p><strong>Investigaci\u00f3n<\/strong><br \/>\n  Grupos Operativos de la DDI I San Nicol\u00e1s, bajo directivas impartidas por el Director Comisario Mayor Ra\u00fal Santiago Hevia, iniciaron la investigaci\u00f3n y tras arduas tareas de campo realizadas, como as\u00ed el an\u00e1lisis de indicios plasmados en mesa de trabajo, conllevaron a determinar la participaci\u00f3n de un grupo de personas que acechaban en la ciudad mediante la modalidad \u201cAsalto\u201d, como as\u00ed tambi\u00e9n il\u00edcitos bajo la modalidad \u201cescalamiento\u00bb. Estos hechos fueron analizados, derivando a la intervenci\u00f3n de l\u00edneas telef\u00f3nicas sobre un grupo de personas que, en primera instancia, eran presuntos sospechosos, para luego desde el an\u00e1lisis de estas escuchas, siendo un total de 3.024 horas en diversas l\u00edneas telef\u00f3nicas, se corrobor\u00f3 la autor\u00eda de esta banda delictiva en la que se estaba trabajando.<br \/>\n  La banda se denomin\u00f3 \u201cLa banda del cartero\u201d, todos oriundos de esta ciudad nicole\u00f1a. Luego, al ampliar las tareas investigativas, se estableci\u00f3 el domicilio de los encartados como as\u00ed tambi\u00e9n los lugares donde suelen frecuentarse.<\/p>\n<p><strong>Allanamientos<\/strong><br \/>\n  Asimismo y, de acuerdo al modus operandi que implementaba esta banda para concretar su accionar delictivo y analizando mensajer\u00eda, como as\u00ed aperturas de antenas de llamadas entrantes y salientes de lugares donde los sospechosos se vinculaban, fueron corroborados otros il\u00edcitos cometidos.<br \/>\n  Se pudo determinar que esta banda hab\u00eda participado activamente en un total de once delitos que iban desde escalamiento hasta robo calificado cometidos tanto en la ciudad como en Ramallo.<br \/>\n  De acuerdo a todo lo investigado, analizado, corroborado, establecido, y judicializado a los fines de aportar, todo el material recabado, como materiales de prueba en relaci\u00f3n a la autor\u00eda de esta banda delictiva, se solicit\u00f3 al magistrado interviniente Dra. Sandra Bicetti de la Unidad Funcional de Instrucci\u00f3n N \u00b0 10 del Departamento Judicial San Nicol\u00e1s allanamientos y detenciones, los cuales fueron otorgados por el Juzgado de Garant\u00edas N \u00b0 2 S.S. Dr. Prati del Departamento Judicial San Nicol\u00e1s, y efectivizadas por la totalidad del personal de la DDI I San Nicol\u00e1s, y personal de Polic\u00eda de Seguridad ( Grupo GAD San Nicol\u00e1s, CP San Nicol\u00e1s, y Comisar\u00eda San Nicol\u00e1s Primera), para distintos domicilios en diversos puntos de esta ciudad, como en calle Balcarce; Barrio Don Miguel, Barrio Las Vi\u00f1as, Barrio 21 de Septiembre.<br \/>\n  Los allanamientos arrojaron resultados altamente positivos, procedi\u00e9ndose a la detenci\u00f3n de un sujeto de 25 a\u00f1os y la aprehensi\u00f3n de dos sujetos de 36 y 20 a\u00f1os, los cuales fueron investigados y sindicados como los autores materiales de todos los hechos que se le imputan. Adem\u00e1s, se incautaron elementos que fueron sustra\u00eddos oportunamente, en los hechos mencionados, los cuales ser\u00e1n restituidos a sus respectivos due\u00f1os.<br \/>\n  La Dra. Sandra Bicetti de Unidad Funcional de Instrucci\u00f3n N \u00b0 10 del Departamento Judicial San Nicol\u00e1s, aval\u00f3 en todo momento lo actuado y dispuso para con el detenido y aprehendido, la notificaci\u00f3n del Art\u00edculo 60 por el delito de \u201cAsociaci\u00f3n il\u00edcita &#8211; robos calificados reiterados \u2013 lesiones &#8211; tentativa de robo por escalamiento reiterados \u2013 robo por escalamiento \u2013 poblados y en banda.\u201d <\/p>\n<p>Fuente: Diario El Norte<\/p>\n","protected":false},"excerpt":{"rendered":"<p>Tras una serie de allanamientos realizados por personal de la DDI, Grupo GAD San Nicol\u00e1s, CP San Nicol\u00e1s, y Comisar\u00eda San Nicol\u00e1s Primera, se logr\u00f3 desbaratar a una banda que comet\u00eda il\u00edcitos disfrazados de carteros. Son once los hechos por los que est\u00e1n siendo investigados. La justicia detuvo a tres personas y recuper\u00f3 varios de [&hellip;]<\/p>\n","protected":false},"author":4,"featured_media":31309,"comment_status":"open","ping_status":"closed","sticky":false,"template":"","format":"standard","meta":{"om_disable_all_campaigns":false,"_jetpack_memberships_contains_paid_content":false,"footnotes":""},"categories":[621],"tags":[],"class_list":["post-31306","post","type-post","status-publish","format-standard","has-post-thumbnail","hentry","category-regionales"],"aioseo_notices":[],"gutentor_comment":0,"jetpack_featured_media_url":"https:\/\/eldiariodesanpedro.com.ar\/sitio\/wp-content\/uploads\/2018\/04\/Los-allanamientos-arrojaron-resultados-altamente-positivos-.jpg","jetpack_shortlink":"https:\/\/wp.me\/p6RhLt-88W","jetpack_sharing_enabled":true,"_links":{"self":[{"href":"https:\/\/eldiariodesanpedro.com.ar\/sitio\/wp-json\/wp\/v2\/posts\/31306","targetHints":{"allow":["GET"]}}],"collection":[{"href":"https:\/\/eldiariodesanpedro.com.ar\/sitio\/wp-json\/wp\/v2\/posts"}],"about":[{"href":"https:\/\/eldiariodesanpedro.com.ar\/sitio\/wp-json\/wp\/v2\/types\/post"}],"author":[{"embeddable":true,"href":"https:\/\/eldiariodesanpedro.com.ar\/sitio\/wp-json\/wp\/v2\/users\/4"}],"replies":[{"embeddable":true,"href":"https:\/\/eldiariodesanpedro.com.ar\/sitio\/wp-json\/wp\/v2\/comments?post=31306"}],"version-history":[{"count":1,"href":"https:\/\/eldiariodesanpedro.com.ar\/sitio\/wp-json\/wp\/v2\/posts\/31306\/revisions"}],"predecessor-version":[{"id":31311,"href":"https:\/\/eldiariodesanpedro.com.ar\/sitio\/wp-json\/wp\/v2\/posts\/31306\/revisions\/31311"}],"wp:featuredmedia":[{"embeddable":true,"href":"https:\/\/eldiariodesanpedro.com.ar\/sitio\/wp-json\/wp\/v2\/media\/31309"}],"wp:attachment":[{"href":"https:\/\/eldiariodesanpedro.com.ar\/sitio\/wp-json\/wp\/v2\/media?parent=31306"}],"wp:term":[{"taxonomy":"category","embeddable":true,"href":"https:\/\/eldiariodesanpedro.com.ar\/sitio\/wp-json\/wp\/v2\/categories?post=31306"},{"taxonomy":"post_tag","embeddable":true,"href":"https:\/\/eldiariodesanpedro.com.ar\/sitio\/wp-json\/wp\/v2\/tags?post=31306"}],"curies":[{"name":"wp","href":"https:\/\/api.w.org\/{rel}","templated":true}]}}