{"id":31300,"date":"2018-04-08T20:45:46","date_gmt":"2018-04-08T23:45:46","guid":{"rendered":"https:\/\/eldiariodesanpedro.com.ar\/sitio\/?p=31300"},"modified":"2018-04-08T20:45:46","modified_gmt":"2018-04-08T23:45:46","slug":"delincuentes-robaron-en-un-domicilio-mientras-sus-moradores-no-estaban","status":"publish","type":"post","link":"https:\/\/eldiariodesanpedro.com.ar\/sitio\/delincuentes-robaron-en-un-domicilio-mientras-sus-moradores-no-estaban\/","title":{"rendered":"Delincuentes robaron en un domicilio mientras sus moradores no estaban"},"content":{"rendered":"<p><!-- VideographyWP Plugin Message: Automatic video embedding prevented by plugin options. --><br \/>\nUn hecho de robo a un domicilio se produjo durante la madrugada del domingo, mientras sus habitantes no estaban. Los ladrones consiguieron llevarse varios elementos luego de ingresar a la vivienda violentando la puerta de ingreso.<\/p>\n<p>  El hecho ocurri\u00f3 entre la 1:30 y las 2:30 de la madrugada del domingo, en una vivienda ubicada sobre la calle Manuel Iglesias al 400, cuando sus moradores, una pareja mayor de edad, hab\u00eda salido con amigos a bailar a un club nocturno. <\/p>\n<p>  Alrededor de las 2:30 hs una vecina y, pariente, se comunica con la propietaria de la casa para avisarle que ladrones hab\u00edan ingresado a su vivienda violentando la puerta de ingreso. De inmediato, el matrimonio se dirige a su casa en el autom\u00f3vil de la pareja amiga y, en Facundo Quiroga y Manuel Iglesias, el esposo de la propietaria se baja del autom\u00f3vil al poder divisar a los malvivientes llev\u00e1ndose sus pertenencias. Los sujetos se dieron a la fuga y se perdieron en el Barrio 2 de Abril. <\/p>\n<p>  Al llegar a su casa, encontraron la puerta de ingreso violentada y pudieron determinar que los delincuentes se hab\u00edan llevado dos televisores Led, una garrafa, un par de zapatillas, una cartera en la que se encontraba la tarjeta de discapacidad de la mujer due\u00f1a de casa y, adem\u00e1s, la tarjeta verde de una motocicleta de su propiedad.<\/p>\n<p>  Dialogamos con ella y nos coment\u00f3: \u00abDesde que pas\u00f3 esto, estoy sin dormir y con miedo. Me hab\u00eda agarrado un ataque de nervios, siento mucha impotencia, porque a uno le cuesta mucho tener algo y vienen estos delincuentes y se llevan lo poco que uno tiene\u00bb. Adem\u00e1s, agreg\u00f3: \u00abYo s\u00e9 que lo material no lo voy a recuperar, pero tengo idea de qui\u00e9nes son los ladrones, lo \u00fanico que pido es que me devuelvan la credencial de discapacidad y tambi\u00e9n la tarjeta verde de la moto que, en realidad, ninguna de esas dos cosas les sirven\u00bb. <\/p>\n","protected":false},"excerpt":{"rendered":"<p>Un hecho de robo a un domicilio se produjo durante la madrugada del domingo, mientras sus habitantes no estaban. Los ladrones consiguieron llevarse varios elementos luego de ingresar a la vivienda violentando la puerta de ingreso. El hecho ocurri\u00f3 entre la 1:30 y las 2:30 de la madrugada del domingo, en una vivienda ubicada sobre [&hellip;]<\/p>\n","protected":false},"author":4,"featured_media":31302,"comment_status":"open","ping_status":"closed","sticky":false,"template":"","format":"standard","meta":{"om_disable_all_campaigns":false,"_jetpack_memberships_contains_paid_content":false,"footnotes":""},"categories":[2,103],"tags":[],"class_list":["post-31300","post","type-post","status-publish","format-standard","has-post-thumbnail","hentry","category-locales","category-policiales-locales"],"aioseo_notices":[],"gutentor_comment":0,"jetpack_featured_media_url":"https:\/\/eldiariodesanpedro.com.ar\/sitio\/wp-content\/uploads\/2018\/04\/entrada-forzada.jpg","jetpack_shortlink":"https:\/\/wp.me\/p6RhLt-88Q","jetpack_sharing_enabled":true,"_links":{"self":[{"href":"https:\/\/eldiariodesanpedro.com.ar\/sitio\/wp-json\/wp\/v2\/posts\/31300","targetHints":{"allow":["GET"]}}],"collection":[{"href":"https:\/\/eldiariodesanpedro.com.ar\/sitio\/wp-json\/wp\/v2\/posts"}],"about":[{"href":"https:\/\/eldiariodesanpedro.com.ar\/sitio\/wp-json\/wp\/v2\/types\/post"}],"author":[{"embeddable":true,"href":"https:\/\/eldiariodesanpedro.com.ar\/sitio\/wp-json\/wp\/v2\/users\/4"}],"replies":[{"embeddable":true,"href":"https:\/\/eldiariodesanpedro.com.ar\/sitio\/wp-json\/wp\/v2\/comments?post=31300"}],"version-history":[{"count":1,"href":"https:\/\/eldiariodesanpedro.com.ar\/sitio\/wp-json\/wp\/v2\/posts\/31300\/revisions"}],"predecessor-version":[{"id":31305,"href":"https:\/\/eldiariodesanpedro.com.ar\/sitio\/wp-json\/wp\/v2\/posts\/31300\/revisions\/31305"}],"wp:featuredmedia":[{"embeddable":true,"href":"https:\/\/eldiariodesanpedro.com.ar\/sitio\/wp-json\/wp\/v2\/media\/31302"}],"wp:attachment":[{"href":"https:\/\/eldiariodesanpedro.com.ar\/sitio\/wp-json\/wp\/v2\/media?parent=31300"}],"wp:term":[{"taxonomy":"category","embeddable":true,"href":"https:\/\/eldiariodesanpedro.com.ar\/sitio\/wp-json\/wp\/v2\/categories?post=31300"},{"taxonomy":"post_tag","embeddable":true,"href":"https:\/\/eldiariodesanpedro.com.ar\/sitio\/wp-json\/wp\/v2\/tags?post=31300"}],"curies":[{"name":"wp","href":"https:\/\/api.w.org\/{rel}","templated":true}]}}