{"id":31298,"date":"2018-04-08T20:44:04","date_gmt":"2018-04-08T23:44:04","guid":{"rendered":"https:\/\/eldiariodesanpedro.com.ar\/sitio\/?p=31298"},"modified":"2018-04-08T20:44:04","modified_gmt":"2018-04-08T23:44:04","slug":"aprehendido-por-querer-evadir-un-control-de-transito-y-agredir-a-los-oficiales","status":"publish","type":"post","link":"https:\/\/eldiariodesanpedro.com.ar\/sitio\/aprehendido-por-querer-evadir-un-control-de-transito-y-agredir-a-los-oficiales\/","title":{"rendered":"Aprehendido por querer evadir un control de tr\u00e1nsito y agredir a los oficiales"},"content":{"rendered":"<p><!-- VideographyWP Plugin Message: Automatic video embedding prevented by plugin options. --><br \/>\nEste s\u00e1bado Personal de UPPL San Pedro en forma conjunta con personal policial, en el marco de operativo de interceptaci\u00f3n vehicular que se desarrollaba en la intersecci\u00f3n de calle Pellegrini y Avenida 3 de Febrero, procedi\u00f3 a la aprehensi\u00f3n de un hombre mayor de edad, quien circulaba en motocicleta sin documentaci\u00f3n e intent\u00f3 evadir el operativo resisti\u00e9ndose a que los efectivos de Inspecci\u00f3n secuestraran el rodado y, tratando de agredir f\u00edsicamente al personal interviniente. <\/p>\n<p>  Como resultado de este hecho, afortunadamente el personal result\u00f3 ileso. El rodado qued\u00f3 a disposici\u00f3n del Juzgado de Faltas local y, una vez comunicada a la Fiscal\u00eda interviniente, se dispusieron las actuaciones y los recaudos legales. <\/p>\n","protected":false},"excerpt":{"rendered":"<p>Este s\u00e1bado Personal de UPPL San Pedro en forma conjunta con personal policial, en el marco de operativo de interceptaci\u00f3n vehicular que se desarrollaba en la intersecci\u00f3n de calle Pellegrini y Avenida 3 de Febrero, procedi\u00f3 a la aprehensi\u00f3n de un hombre mayor de edad, quien circulaba en motocicleta sin documentaci\u00f3n e intent\u00f3 evadir el [&hellip;]<\/p>\n","protected":false},"author":4,"featured_media":28826,"comment_status":"open","ping_status":"closed","sticky":false,"template":"","format":"standard","meta":{"om_disable_all_campaigns":false,"_jetpack_memberships_contains_paid_content":false,"footnotes":""},"categories":[2,103],"tags":[],"class_list":["post-31298","post","type-post","status-publish","format-standard","has-post-thumbnail","hentry","category-locales","category-policiales-locales"],"aioseo_notices":[],"gutentor_comment":0,"jetpack_featured_media_url":"https:\/\/eldiariodesanpedro.com.ar\/sitio\/wp-content\/uploads\/2018\/02\/detenido-4.jpg","jetpack_shortlink":"https:\/\/wp.me\/p6RhLt-88O","jetpack_sharing_enabled":true,"_links":{"self":[{"href":"https:\/\/eldiariodesanpedro.com.ar\/sitio\/wp-json\/wp\/v2\/posts\/31298","targetHints":{"allow":["GET"]}}],"collection":[{"href":"https:\/\/eldiariodesanpedro.com.ar\/sitio\/wp-json\/wp\/v2\/posts"}],"about":[{"href":"https:\/\/eldiariodesanpedro.com.ar\/sitio\/wp-json\/wp\/v2\/types\/post"}],"author":[{"embeddable":true,"href":"https:\/\/eldiariodesanpedro.com.ar\/sitio\/wp-json\/wp\/v2\/users\/4"}],"replies":[{"embeddable":true,"href":"https:\/\/eldiariodesanpedro.com.ar\/sitio\/wp-json\/wp\/v2\/comments?post=31298"}],"version-history":[{"count":2,"href":"https:\/\/eldiariodesanpedro.com.ar\/sitio\/wp-json\/wp\/v2\/posts\/31298\/revisions"}],"predecessor-version":[{"id":31303,"href":"https:\/\/eldiariodesanpedro.com.ar\/sitio\/wp-json\/wp\/v2\/posts\/31298\/revisions\/31303"}],"wp:featuredmedia":[{"embeddable":true,"href":"https:\/\/eldiariodesanpedro.com.ar\/sitio\/wp-json\/wp\/v2\/media\/28826"}],"wp:attachment":[{"href":"https:\/\/eldiariodesanpedro.com.ar\/sitio\/wp-json\/wp\/v2\/media?parent=31298"}],"wp:term":[{"taxonomy":"category","embeddable":true,"href":"https:\/\/eldiariodesanpedro.com.ar\/sitio\/wp-json\/wp\/v2\/categories?post=31298"},{"taxonomy":"post_tag","embeddable":true,"href":"https:\/\/eldiariodesanpedro.com.ar\/sitio\/wp-json\/wp\/v2\/tags?post=31298"}],"curies":[{"name":"wp","href":"https:\/\/api.w.org\/{rel}","templated":true}]}}