{"id":31297,"date":"2018-04-08T20:45:42","date_gmt":"2018-04-08T23:45:42","guid":{"rendered":"https:\/\/eldiariodesanpedro.com.ar\/sitio\/?p=31297"},"modified":"2018-04-08T20:45:42","modified_gmt":"2018-04-08T23:45:42","slug":"dos-menores-aprehendidos-por-llevar-un-arma-de-fuego-tumbera-y-un-cuchillo","status":"publish","type":"post","link":"https:\/\/eldiariodesanpedro.com.ar\/sitio\/dos-menores-aprehendidos-por-llevar-un-arma-de-fuego-tumbera-y-un-cuchillo\/","title":{"rendered":"Dos menores aprehendidos por llevar un arma de fuego tumbera y un cuchillo"},"content":{"rendered":"<p><!-- VideographyWP Plugin Message: Automatic video embedding prevented by plugin options. --><br \/>\nEn la madrugada de hoy, en el marco de un operativo de identificaci\u00f3n policial ordinaria personal policial intercept\u00f3 a dos ciudadanos en la intersecci\u00f3n de las calles G\u00fcemes y Cruz Roja, a quienes luego, aprehendieron.<\/p>\n<p> Los dos j\u00f3venes de 15 y 17 a\u00f1os, circulaban por el lugar en bicicleta y se les secuestr\u00f3 de entre sus ropas un cuchillo y un arma de fabricaci\u00f3n casera tipo tumbera. <\/p>\n<p>  Una vez que la Fiscal\u00eda interviniente fue comunicada, se dispusieron las diligencias de rigor y, su posterior entrega a los progenitores.<br \/>\nun arma de fuego tumbera y un cuchillo<\/p>\n","protected":false},"excerpt":{"rendered":"<p>En la madrugada de hoy, en el marco de un operativo de identificaci\u00f3n policial ordinaria personal policial intercept\u00f3 a dos ciudadanos en la intersecci\u00f3n de las calles G\u00fcemes y Cruz Roja, a quienes luego, aprehendieron. Los dos j\u00f3venes de 15 y 17 a\u00f1os, circulaban por el lugar en bicicleta y se les secuestr\u00f3 de entre [&hellip;]<\/p>\n","protected":false},"author":4,"featured_media":7819,"comment_status":"open","ping_status":"closed","sticky":false,"template":"","format":"standard","meta":{"om_disable_all_campaigns":false,"_jetpack_memberships_contains_paid_content":false,"footnotes":""},"categories":[2,103],"tags":[],"class_list":["post-31297","post","type-post","status-publish","format-standard","has-post-thumbnail","hentry","category-locales","category-policiales-locales"],"aioseo_notices":[],"gutentor_comment":0,"jetpack_featured_media_url":"https:\/\/eldiariodesanpedro.com.ar\/sitio\/wp-content\/uploads\/2016\/09\/detenidos-esposados.jpg","jetpack_shortlink":"https:\/\/wp.me\/p6RhLt-88N","jetpack_sharing_enabled":true,"_links":{"self":[{"href":"https:\/\/eldiariodesanpedro.com.ar\/sitio\/wp-json\/wp\/v2\/posts\/31297","targetHints":{"allow":["GET"]}}],"collection":[{"href":"https:\/\/eldiariodesanpedro.com.ar\/sitio\/wp-json\/wp\/v2\/posts"}],"about":[{"href":"https:\/\/eldiariodesanpedro.com.ar\/sitio\/wp-json\/wp\/v2\/types\/post"}],"author":[{"embeddable":true,"href":"https:\/\/eldiariodesanpedro.com.ar\/sitio\/wp-json\/wp\/v2\/users\/4"}],"replies":[{"embeddable":true,"href":"https:\/\/eldiariodesanpedro.com.ar\/sitio\/wp-json\/wp\/v2\/comments?post=31297"}],"version-history":[{"count":2,"href":"https:\/\/eldiariodesanpedro.com.ar\/sitio\/wp-json\/wp\/v2\/posts\/31297\/revisions"}],"predecessor-version":[{"id":31307,"href":"https:\/\/eldiariodesanpedro.com.ar\/sitio\/wp-json\/wp\/v2\/posts\/31297\/revisions\/31307"}],"wp:featuredmedia":[{"embeddable":true,"href":"https:\/\/eldiariodesanpedro.com.ar\/sitio\/wp-json\/wp\/v2\/media\/7819"}],"wp:attachment":[{"href":"https:\/\/eldiariodesanpedro.com.ar\/sitio\/wp-json\/wp\/v2\/media?parent=31297"}],"wp:term":[{"taxonomy":"category","embeddable":true,"href":"https:\/\/eldiariodesanpedro.com.ar\/sitio\/wp-json\/wp\/v2\/categories?post=31297"},{"taxonomy":"post_tag","embeddable":true,"href":"https:\/\/eldiariodesanpedro.com.ar\/sitio\/wp-json\/wp\/v2\/tags?post=31297"}],"curies":[{"name":"wp","href":"https:\/\/api.w.org\/{rel}","templated":true}]}}