{"id":31294,"date":"2018-04-08T20:41:42","date_gmt":"2018-04-08T23:41:42","guid":{"rendered":"https:\/\/eldiariodesanpedro.com.ar\/sitio\/?p=31294"},"modified":"2018-04-08T20:41:42","modified_gmt":"2018-04-08T23:41:42","slug":"primer-buque-de-citricos-de-la-temporada-en-el-puerto-local","status":"publish","type":"post","link":"https:\/\/eldiariodesanpedro.com.ar\/sitio\/primer-buque-de-citricos-de-la-temporada-en-el-puerto-local\/","title":{"rendered":"Primer buque de c\u00edtricos de la temporada en el puerto local"},"content":{"rendered":"<p><!-- VideographyWP Plugin Message: Automatic video embedding prevented by plugin options. --><br \/>\n  El Consorcio de Gesti\u00f3n del Puerto de San Pedro confirm\u00f3 el arribo del primer buque que cargar\u00e1 c\u00edtricos esta temporada, el \u201cCrown Ruby\u201d, de bandera de Bahamas, procedente de San Petersburgo. <\/p>\n<p>  El buque, de 152 metros de eslora, operar\u00e1 en el muelle cabecera, cuyo piso fue recientemente reparado y cargar\u00e1 5200 pallets de c\u00edtricos con destino al principal puerto de Rusia sobre el mar B\u00e1ltico.<\/p>\n","protected":false},"excerpt":{"rendered":"<p>El Consorcio de Gesti\u00f3n del Puerto de San Pedro confirm\u00f3 el arribo del primer buque que cargar\u00e1 c\u00edtricos esta temporada, el \u201cCrown Ruby\u201d, de bandera de Bahamas, procedente de San Petersburgo. El buque, de 152 metros de eslora, operar\u00e1 en el muelle cabecera, cuyo piso fue recientemente reparado y cargar\u00e1 5200 pallets de c\u00edtricos con [&hellip;]<\/p>\n","protected":false},"author":4,"featured_media":31296,"comment_status":"open","ping_status":"closed","sticky":false,"template":"","format":"standard","meta":{"om_disable_all_campaigns":false,"_jetpack_memberships_contains_paid_content":false,"footnotes":""},"categories":[101,2],"tags":[],"class_list":["post-31294","post","type-post","status-publish","format-standard","has-post-thumbnail","hentry","category-interes-general-locales","category-locales"],"aioseo_notices":[],"gutentor_comment":0,"jetpack_featured_media_url":"https:\/\/eldiariodesanpedro.com.ar\/sitio\/wp-content\/uploads\/2018\/04\/crown-ruby.jpg","jetpack_shortlink":"https:\/\/wp.me\/p6RhLt-88K","jetpack_sharing_enabled":true,"_links":{"self":[{"href":"https:\/\/eldiariodesanpedro.com.ar\/sitio\/wp-json\/wp\/v2\/posts\/31294","targetHints":{"allow":["GET"]}}],"collection":[{"href":"https:\/\/eldiariodesanpedro.com.ar\/sitio\/wp-json\/wp\/v2\/posts"}],"about":[{"href":"https:\/\/eldiariodesanpedro.com.ar\/sitio\/wp-json\/wp\/v2\/types\/post"}],"author":[{"embeddable":true,"href":"https:\/\/eldiariodesanpedro.com.ar\/sitio\/wp-json\/wp\/v2\/users\/4"}],"replies":[{"embeddable":true,"href":"https:\/\/eldiariodesanpedro.com.ar\/sitio\/wp-json\/wp\/v2\/comments?post=31294"}],"version-history":[{"count":1,"href":"https:\/\/eldiariodesanpedro.com.ar\/sitio\/wp-json\/wp\/v2\/posts\/31294\/revisions"}],"predecessor-version":[{"id":31299,"href":"https:\/\/eldiariodesanpedro.com.ar\/sitio\/wp-json\/wp\/v2\/posts\/31294\/revisions\/31299"}],"wp:featuredmedia":[{"embeddable":true,"href":"https:\/\/eldiariodesanpedro.com.ar\/sitio\/wp-json\/wp\/v2\/media\/31296"}],"wp:attachment":[{"href":"https:\/\/eldiariodesanpedro.com.ar\/sitio\/wp-json\/wp\/v2\/media?parent=31294"}],"wp:term":[{"taxonomy":"category","embeddable":true,"href":"https:\/\/eldiariodesanpedro.com.ar\/sitio\/wp-json\/wp\/v2\/categories?post=31294"},{"taxonomy":"post_tag","embeddable":true,"href":"https:\/\/eldiariodesanpedro.com.ar\/sitio\/wp-json\/wp\/v2\/tags?post=31294"}],"curies":[{"name":"wp","href":"https:\/\/api.w.org\/{rel}","templated":true}]}}