{"id":31289,"date":"2018-04-08T20:37:53","date_gmt":"2018-04-08T23:37:53","guid":{"rendered":"https:\/\/eldiariodesanpedro.com.ar\/sitio\/?p=31289"},"modified":"2018-04-08T20:37:53","modified_gmt":"2018-04-08T23:37:53","slug":"dos-accidentes-durante-el-sabado-que-involucraron-a-un-auto-y-una-moto","status":"publish","type":"post","link":"https:\/\/eldiariodesanpedro.com.ar\/sitio\/dos-accidentes-durante-el-sabado-que-involucraron-a-un-auto-y-una-moto\/","title":{"rendered":"Dos accidentes durante el s\u00e1bado que involucraron a un auto y una moto"},"content":{"rendered":"<p><!-- VideographyWP Plugin Message: Automatic video embedding prevented by plugin options. --><br \/>\n  El primero de los accidentes ocurrido el s\u00e1bado en la intersecci\u00f3n de la Avenida Sarmiento y calle Libertad. All\u00ed, colisionaron un autom\u00f3vil conducido por un hombre mayor de edad y una motocicleta guiada por mujer, tambi\u00e9n mayor de edad. <\/p>\n<p>  Como resultado de este siniestro, la conductora del ciclomotor fue trasladada por la ambulancia hasta el Hospital local para ser asistida. El conductor del autom\u00f3vil result\u00f3 ileso.<\/p>\n<p>  El segundo de los accidentes, como ya dijimos ocurri\u00f3 tambi\u00e9n el s\u00e1bado. En este caso el siniestro se produjo en la intersecci\u00f3n de Avenida 3 de Febrero y calle Noseda, donde un autom\u00f3vil conducido por un hombre mayor de edad colision\u00f3 contra una motocicleta en la que se trasladaba otro hombre acompa\u00f1ado por su pareja.<br \/>\n  Los dos veh\u00edculos iban por la misma arteria y en el mismo sentido. <\/p>\n<p>  La mujer que iba de acompa\u00f1ante del motociclista debi\u00f3 ser derivada a la Guardia del Hospital, para luego de su asistencia, ser dada de alta. <\/p>\n","protected":false},"excerpt":{"rendered":"<p>El primero de los accidentes ocurrido el s\u00e1bado en la intersecci\u00f3n de la Avenida Sarmiento y calle Libertad. All\u00ed, colisionaron un autom\u00f3vil conducido por un hombre mayor de edad y una motocicleta guiada por mujer, tambi\u00e9n mayor de edad. Como resultado de este siniestro, la conductora del ciclomotor fue trasladada por la ambulancia hasta el [&hellip;]<\/p>\n","protected":false},"author":4,"featured_media":19583,"comment_status":"open","ping_status":"closed","sticky":false,"template":"","format":"standard","meta":{"om_disable_all_campaigns":false,"_jetpack_memberships_contains_paid_content":false,"footnotes":""},"categories":[2,103],"tags":[],"class_list":["post-31289","post","type-post","status-publish","format-standard","has-post-thumbnail","hentry","category-locales","category-policiales-locales"],"aioseo_notices":[],"gutentor_comment":0,"jetpack_featured_media_url":"https:\/\/eldiariodesanpedro.com.ar\/sitio\/wp-content\/uploads\/2017\/06\/policia.jpg","jetpack_shortlink":"https:\/\/wp.me\/p6RhLt-88F","jetpack_sharing_enabled":true,"_links":{"self":[{"href":"https:\/\/eldiariodesanpedro.com.ar\/sitio\/wp-json\/wp\/v2\/posts\/31289","targetHints":{"allow":["GET"]}}],"collection":[{"href":"https:\/\/eldiariodesanpedro.com.ar\/sitio\/wp-json\/wp\/v2\/posts"}],"about":[{"href":"https:\/\/eldiariodesanpedro.com.ar\/sitio\/wp-json\/wp\/v2\/types\/post"}],"author":[{"embeddable":true,"href":"https:\/\/eldiariodesanpedro.com.ar\/sitio\/wp-json\/wp\/v2\/users\/4"}],"replies":[{"embeddable":true,"href":"https:\/\/eldiariodesanpedro.com.ar\/sitio\/wp-json\/wp\/v2\/comments?post=31289"}],"version-history":[{"count":2,"href":"https:\/\/eldiariodesanpedro.com.ar\/sitio\/wp-json\/wp\/v2\/posts\/31289\/revisions"}],"predecessor-version":[{"id":31295,"href":"https:\/\/eldiariodesanpedro.com.ar\/sitio\/wp-json\/wp\/v2\/posts\/31289\/revisions\/31295"}],"wp:featuredmedia":[{"embeddable":true,"href":"https:\/\/eldiariodesanpedro.com.ar\/sitio\/wp-json\/wp\/v2\/media\/19583"}],"wp:attachment":[{"href":"https:\/\/eldiariodesanpedro.com.ar\/sitio\/wp-json\/wp\/v2\/media?parent=31289"}],"wp:term":[{"taxonomy":"category","embeddable":true,"href":"https:\/\/eldiariodesanpedro.com.ar\/sitio\/wp-json\/wp\/v2\/categories?post=31289"},{"taxonomy":"post_tag","embeddable":true,"href":"https:\/\/eldiariodesanpedro.com.ar\/sitio\/wp-json\/wp\/v2\/tags?post=31289"}],"curies":[{"name":"wp","href":"https:\/\/api.w.org\/{rel}","templated":true}]}}