{"id":31285,"date":"2018-04-08T20:35:16","date_gmt":"2018-04-08T23:35:16","guid":{"rendered":"https:\/\/eldiariodesanpedro.com.ar\/sitio\/?p=31285"},"modified":"2018-04-08T20:35:16","modified_gmt":"2018-04-08T23:35:16","slug":"la-comision-local-decreto-la-emergencia-agropecuaria-en-san-pedro","status":"publish","type":"post","link":"https:\/\/eldiariodesanpedro.com.ar\/sitio\/la-comision-local-decreto-la-emergencia-agropecuaria-en-san-pedro\/","title":{"rendered":"La Comisi\u00f3n local decret\u00f3 la emergencia agropecuaria en San Pedro"},"content":{"rendered":"<p><!-- VideographyWP Plugin Message: Automatic video embedding prevented by plugin options. --><br \/>\n  En la \u00faltima reuni\u00f3n la entidad resolvi\u00f3 acudir a la provincia para hacerle frente a las enormes p\u00e9rdidas que sufri\u00f3 la producci\u00f3n. Se calcula que los da\u00f1os fueron similares al resto del territorio bonaerense. <\/p>\n<p>  Si bien el clima cambio y la lluvia del fin de semana ser\u00e1 un alivio, para nada revierte la situaci\u00f3n generada en el campo por la sequ\u00eda provocada por la falta de agua entre diciembre y marzo.<\/p>\n<p>  Sobre el cierre de la \u00faltima semana, la Comisi\u00f3n local que interviene ante esta situaci\u00f3n decret\u00f3 la emergencia agropecuaria para todo el partido de San Pedro.<\/p>\n<p>  \u201cEn la reuni\u00f3n de esta semana la comisi\u00f3n local de emergencia decret\u00f3 la emergencia agropecuaria en San Pedro\u201d, afirm\u00f3 Ra\u00fal Victores, presidente de la Sociedad Rural en el aire de FM G\u00e9nesis.<\/p>\n<p>  \u201cAhora queda a referendo del Intendente y el HCD y, en consecuencia, va a pasar a La Plata porque el d\u00eda 12 se re\u00fane la Comisi\u00f3n Provincial\u201d.<\/p>\n<p>  \u201cLos da\u00f1os no han sido menores al resto de la Provincia\u201d.<\/p>\n<p>  \u201cTuvimos dos reuniones, hubo un informe t\u00e9cnico del INTA y ah\u00ed resolvimos la medida, de ah\u00ed en m\u00e1s seguimos avanzando\u201d, dijo el directivo.<\/p>\n<p>  En cuanto a las p\u00e9rdidas, Victores se\u00f1al\u00f3: \u201cEn general la soja de primera se perdi\u00f3 entre el 55 y el 70 %\u201d. En la soja de segunda se perdi\u00f3 entre un 80 y 90%\u201d.<\/p>\n<p>  \u201cTodos los cultivos se han visto afectados, incluida la pastura y los viveros, por eso estamos como estamos hoy\u201d.<br \/>\n  \u201cSobre la aprobaci\u00f3n del decreto no creemos que haya alg\u00fan escollo, se dieron los pasos necesarios y solo resta que lo refrenden el Intendente y los concejales\u201d.<\/p>\n<p>Fuente: San Pedro Informa<\/p>\n","protected":false},"excerpt":{"rendered":"<p>En la \u00faltima reuni\u00f3n la entidad resolvi\u00f3 acudir a la provincia para hacerle frente a las enormes p\u00e9rdidas que sufri\u00f3 la producci\u00f3n. Se calcula que los da\u00f1os fueron similares al resto del territorio bonaerense. Si bien el clima cambio y la lluvia del fin de semana ser\u00e1 un alivio, para nada revierte la situaci\u00f3n generada [&hellip;]<\/p>\n","protected":false},"author":4,"featured_media":31288,"comment_status":"open","ping_status":"closed","sticky":false,"template":"","format":"standard","meta":{"om_disable_all_campaigns":false,"_jetpack_memberships_contains_paid_content":false,"footnotes":""},"categories":[101,2],"tags":[],"class_list":["post-31285","post","type-post","status-publish","format-standard","has-post-thumbnail","hentry","category-interes-general-locales","category-locales"],"aioseo_notices":[],"gutentor_comment":0,"jetpack_featured_media_url":"https:\/\/eldiariodesanpedro.com.ar\/sitio\/wp-content\/uploads\/2018\/04\/sequ\u00eda.jpg","jetpack_shortlink":"https:\/\/wp.me\/p6RhLt-88B","jetpack_sharing_enabled":true,"_links":{"self":[{"href":"https:\/\/eldiariodesanpedro.com.ar\/sitio\/wp-json\/wp\/v2\/posts\/31285","targetHints":{"allow":["GET"]}}],"collection":[{"href":"https:\/\/eldiariodesanpedro.com.ar\/sitio\/wp-json\/wp\/v2\/posts"}],"about":[{"href":"https:\/\/eldiariodesanpedro.com.ar\/sitio\/wp-json\/wp\/v2\/types\/post"}],"author":[{"embeddable":true,"href":"https:\/\/eldiariodesanpedro.com.ar\/sitio\/wp-json\/wp\/v2\/users\/4"}],"replies":[{"embeddable":true,"href":"https:\/\/eldiariodesanpedro.com.ar\/sitio\/wp-json\/wp\/v2\/comments?post=31285"}],"version-history":[{"count":1,"href":"https:\/\/eldiariodesanpedro.com.ar\/sitio\/wp-json\/wp\/v2\/posts\/31285\/revisions"}],"predecessor-version":[{"id":31290,"href":"https:\/\/eldiariodesanpedro.com.ar\/sitio\/wp-json\/wp\/v2\/posts\/31285\/revisions\/31290"}],"wp:featuredmedia":[{"embeddable":true,"href":"https:\/\/eldiariodesanpedro.com.ar\/sitio\/wp-json\/wp\/v2\/media\/31288"}],"wp:attachment":[{"href":"https:\/\/eldiariodesanpedro.com.ar\/sitio\/wp-json\/wp\/v2\/media?parent=31285"}],"wp:term":[{"taxonomy":"category","embeddable":true,"href":"https:\/\/eldiariodesanpedro.com.ar\/sitio\/wp-json\/wp\/v2\/categories?post=31285"},{"taxonomy":"post_tag","embeddable":true,"href":"https:\/\/eldiariodesanpedro.com.ar\/sitio\/wp-json\/wp\/v2\/tags?post=31285"}],"curies":[{"name":"wp","href":"https:\/\/api.w.org\/{rel}","templated":true}]}}