{"id":31280,"date":"2018-04-08T20:32:19","date_gmt":"2018-04-08T23:32:19","guid":{"rendered":"https:\/\/eldiariodesanpedro.com.ar\/sitio\/?p=31280"},"modified":"2018-04-08T20:32:19","modified_gmt":"2018-04-08T23:32:19","slug":"dos-aprehendidos-por-provocar-disturbios-en-la-via-publica","status":"publish","type":"post","link":"https:\/\/eldiariodesanpedro.com.ar\/sitio\/dos-aprehendidos-por-provocar-disturbios-en-la-via-publica\/","title":{"rendered":"Dos aprehendidos por provocar disturbios en la v\u00eda p\u00fablica"},"content":{"rendered":"<p><!-- VideographyWP Plugin Message: Automatic video embedding prevented by plugin options. --><br \/>\n  En las primeras horas del s\u00e1bado en la zona c\u00e9ntrica, dos personas fueron detenidas, se encontraban en estado de ebriedad, provocando disturbios en la v\u00eda p\u00fablica.<\/p>\n<p>  Los aprehendidos un joven de 15 y otro de 24 a\u00f1os, ocasionaban disturbios en calle Pellegrini y Las Heras, buscando pelear con cualquier persona que pasara por el lugar. <\/p>\n<p>  Un m\u00f3vil policial se hizo presente y los efectivos policiales redujeron a los sujetos y los trasladaron a la Comisar\u00eda local. <\/p>\n","protected":false},"excerpt":{"rendered":"<p>En las primeras horas del s\u00e1bado en la zona c\u00e9ntrica, dos personas fueron detenidas, se encontraban en estado de ebriedad, provocando disturbios en la v\u00eda p\u00fablica. Los aprehendidos un joven de 15 y otro de 24 a\u00f1os, ocasionaban disturbios en calle Pellegrini y Las Heras, buscando pelear con cualquier persona que pasara por el lugar. [&hellip;]<\/p>\n","protected":false},"author":4,"featured_media":30123,"comment_status":"open","ping_status":"closed","sticky":false,"template":"","format":"standard","meta":{"om_disable_all_campaigns":false,"_jetpack_memberships_contains_paid_content":false,"footnotes":""},"categories":[2,103],"tags":[],"class_list":["post-31280","post","type-post","status-publish","format-standard","has-post-thumbnail","hentry","category-locales","category-policiales-locales"],"aioseo_notices":[],"gutentor_comment":0,"jetpack_featured_media_url":"https:\/\/eldiariodesanpedro.com.ar\/sitio\/wp-content\/uploads\/2018\/03\/pareja-detenidos.jpg","jetpack_shortlink":"https:\/\/wp.me\/p6RhLt-88w","jetpack_sharing_enabled":true,"_links":{"self":[{"href":"https:\/\/eldiariodesanpedro.com.ar\/sitio\/wp-json\/wp\/v2\/posts\/31280","targetHints":{"allow":["GET"]}}],"collection":[{"href":"https:\/\/eldiariodesanpedro.com.ar\/sitio\/wp-json\/wp\/v2\/posts"}],"about":[{"href":"https:\/\/eldiariodesanpedro.com.ar\/sitio\/wp-json\/wp\/v2\/types\/post"}],"author":[{"embeddable":true,"href":"https:\/\/eldiariodesanpedro.com.ar\/sitio\/wp-json\/wp\/v2\/users\/4"}],"replies":[{"embeddable":true,"href":"https:\/\/eldiariodesanpedro.com.ar\/sitio\/wp-json\/wp\/v2\/comments?post=31280"}],"version-history":[{"count":2,"href":"https:\/\/eldiariodesanpedro.com.ar\/sitio\/wp-json\/wp\/v2\/posts\/31280\/revisions"}],"predecessor-version":[{"id":31286,"href":"https:\/\/eldiariodesanpedro.com.ar\/sitio\/wp-json\/wp\/v2\/posts\/31280\/revisions\/31286"}],"wp:featuredmedia":[{"embeddable":true,"href":"https:\/\/eldiariodesanpedro.com.ar\/sitio\/wp-json\/wp\/v2\/media\/30123"}],"wp:attachment":[{"href":"https:\/\/eldiariodesanpedro.com.ar\/sitio\/wp-json\/wp\/v2\/media?parent=31280"}],"wp:term":[{"taxonomy":"category","embeddable":true,"href":"https:\/\/eldiariodesanpedro.com.ar\/sitio\/wp-json\/wp\/v2\/categories?post=31280"},{"taxonomy":"post_tag","embeddable":true,"href":"https:\/\/eldiariodesanpedro.com.ar\/sitio\/wp-json\/wp\/v2\/tags?post=31280"}],"curies":[{"name":"wp","href":"https:\/\/api.w.org\/{rel}","templated":true}]}}