{"id":31279,"date":"2018-04-08T20:31:55","date_gmt":"2018-04-08T23:31:55","guid":{"rendered":"https:\/\/eldiariodesanpedro.com.ar\/sitio\/?p=31279"},"modified":"2018-04-08T20:31:55","modified_gmt":"2018-04-08T23:31:55","slug":"allanaron-la-casa-de-un-nino-de-12-anos-por-tenencia-de-armas-de-fuego","status":"publish","type":"post","link":"https:\/\/eldiariodesanpedro.com.ar\/sitio\/allanaron-la-casa-de-un-nino-de-12-anos-por-tenencia-de-armas-de-fuego\/","title":{"rendered":"Allanaron la casa de un ni\u00f1o de 12 a\u00f1os por tenencia de armas de fuego"},"content":{"rendered":"<p><!-- VideographyWP Plugin Message: Automatic video embedding prevented by plugin options. --><br \/>\nEl Secretario de Seguridad de la Municipalidad Eduardo Roleri realiz\u00f3 una denuncia en la Comisar\u00eda local por un lamentable hecho que involucraba a un ni\u00f1o de 12 a\u00f1os que aparec\u00eda en las redes sociales, tales como Facebook, con diversas armas de fuego y plantas de marihuana.<\/p>\n<p>  Este viernes Roleri realiz\u00f3 una denuncia para poder llevar a cabo allanamientos en la casa del menor fotografiado con armas y plantas de marihuana. El objetivo era encontrar las armas de fuego con las que se mostraba en las fotos, pero al realizar estas diligencias no se obtuvieron resultados.<\/p>\n<p>  El ni\u00f1o se exhibe en Facebook con armas de fuego. Incluso, en m\u00e1s de una oportunidad, ha subido como foto de perfil o portada un rev\u00f3lver. Adem\u00e1s de alguna plantaci\u00f3n de marihuana, que muestra que est\u00e1 creciendo en el interior de un tacho. <\/p>\n<p>  De acuerdo a lo informado, a tan corta edad ya tiene antecedentes de robo y un complejo cuadro familiar, con hermanos y otros familiares detenidos por robos. <\/p>\n<p>  La denuncia fue caratulada como tenencia ilegal de armas y la Fiscal\u00eda interviniente realiz\u00f3 las actuaciones necesarias.<\/p>\n","protected":false},"excerpt":{"rendered":"<p>El Secretario de Seguridad de la Municipalidad Eduardo Roleri realiz\u00f3 una denuncia en la Comisar\u00eda local por un lamentable hecho que involucraba a un ni\u00f1o de 12 a\u00f1os que aparec\u00eda en las redes sociales, tales como Facebook, con diversas armas de fuego y plantas de marihuana. Este viernes Roleri realiz\u00f3 una denuncia para poder llevar [&hellip;]<\/p>\n","protected":false},"author":4,"featured_media":31282,"comment_status":"open","ping_status":"closed","sticky":false,"template":"","format":"standard","meta":{"om_disable_all_campaigns":false,"_jetpack_memberships_contains_paid_content":false,"footnotes":""},"categories":[2,103],"tags":[],"class_list":["post-31279","post","type-post","status-publish","format-standard","has-post-thumbnail","hentry","category-locales","category-policiales-locales"],"aioseo_notices":[],"gutentor_comment":0,"jetpack_featured_media_url":"https:\/\/eldiariodesanpedro.com.ar\/sitio\/wp-content\/uploads\/2018\/04\/El-menor-en-las-fotos-de-la-red-social.jpg","jetpack_shortlink":"https:\/\/wp.me\/p6RhLt-88v","jetpack_sharing_enabled":true,"_links":{"self":[{"href":"https:\/\/eldiariodesanpedro.com.ar\/sitio\/wp-json\/wp\/v2\/posts\/31279","targetHints":{"allow":["GET"]}}],"collection":[{"href":"https:\/\/eldiariodesanpedro.com.ar\/sitio\/wp-json\/wp\/v2\/posts"}],"about":[{"href":"https:\/\/eldiariodesanpedro.com.ar\/sitio\/wp-json\/wp\/v2\/types\/post"}],"author":[{"embeddable":true,"href":"https:\/\/eldiariodesanpedro.com.ar\/sitio\/wp-json\/wp\/v2\/users\/4"}],"replies":[{"embeddable":true,"href":"https:\/\/eldiariodesanpedro.com.ar\/sitio\/wp-json\/wp\/v2\/comments?post=31279"}],"version-history":[{"count":1,"href":"https:\/\/eldiariodesanpedro.com.ar\/sitio\/wp-json\/wp\/v2\/posts\/31279\/revisions"}],"predecessor-version":[{"id":31283,"href":"https:\/\/eldiariodesanpedro.com.ar\/sitio\/wp-json\/wp\/v2\/posts\/31279\/revisions\/31283"}],"wp:featuredmedia":[{"embeddable":true,"href":"https:\/\/eldiariodesanpedro.com.ar\/sitio\/wp-json\/wp\/v2\/media\/31282"}],"wp:attachment":[{"href":"https:\/\/eldiariodesanpedro.com.ar\/sitio\/wp-json\/wp\/v2\/media?parent=31279"}],"wp:term":[{"taxonomy":"category","embeddable":true,"href":"https:\/\/eldiariodesanpedro.com.ar\/sitio\/wp-json\/wp\/v2\/categories?post=31279"},{"taxonomy":"post_tag","embeddable":true,"href":"https:\/\/eldiariodesanpedro.com.ar\/sitio\/wp-json\/wp\/v2\/tags?post=31279"}],"curies":[{"name":"wp","href":"https:\/\/api.w.org\/{rel}","templated":true}]}}