{"id":31272,"date":"2018-04-08T20:26:10","date_gmt":"2018-04-08T23:26:10","guid":{"rendered":"https:\/\/eldiariodesanpedro.com.ar\/sitio\/?p=31272"},"modified":"2018-04-08T20:26:10","modified_gmt":"2018-04-08T23:26:10","slug":"roban-a-un-camion-de-reparto-de-gas-envasado","status":"publish","type":"post","link":"https:\/\/eldiariodesanpedro.com.ar\/sitio\/roban-a-un-camion-de-reparto-de-gas-envasado\/","title":{"rendered":"Roban a un cami\u00f3n de reparto de gas envasado"},"content":{"rendered":"<p><!-- VideographyWP Plugin Message: Automatic video embedding prevented by plugin options. --><br \/>\n  Un nuevo hecho de robo se produjo este viernes en horas de la ma\u00f1ana que, tuvo como v\u00edctima al chofer de un cami\u00f3n de reparto de gas envasado y a la empresa para quien trabaja, Citygas.<\/p>\n<p>  El hecho tuvo lugar en calle Hermano Indio, entre Casella y Brenan, donde dos malvivientes se acercaron al cami\u00f3n y bajo intimidaci\u00f3n verbal sustrajeron el dinero en efectivo que el chofer ten\u00eda de la recaudaci\u00f3n y un tel\u00e9fono celular. Luego, los delincuentes se dieron a la fuga.<\/p>\n<p>  El chofer realiz\u00f3 la denuncia, interviene la UFI N\u00ba 11.<\/p>\n","protected":false},"excerpt":{"rendered":"<p>Un nuevo hecho de robo se produjo este viernes en horas de la ma\u00f1ana que, tuvo como v\u00edctima al chofer de un cami\u00f3n de reparto de gas envasado y a la empresa para quien trabaja, Citygas. El hecho tuvo lugar en calle Hermano Indio, entre Casella y Brenan, donde dos malvivientes se acercaron al cami\u00f3n [&hellip;]<\/p>\n","protected":false},"author":4,"featured_media":24338,"comment_status":"open","ping_status":"closed","sticky":false,"template":"","format":"standard","meta":{"om_disable_all_campaigns":false,"_jetpack_memberships_contains_paid_content":false,"footnotes":""},"categories":[2,103],"tags":[],"class_list":["post-31272","post","type-post","status-publish","format-standard","has-post-thumbnail","hentry","category-locales","category-policiales-locales"],"aioseo_notices":[],"gutentor_comment":0,"jetpack_featured_media_url":"https:\/\/eldiariodesanpedro.com.ar\/sitio\/wp-content\/uploads\/2017\/10\/patrullero-policia.jpg","jetpack_shortlink":"https:\/\/wp.me\/p6RhLt-88o","jetpack_sharing_enabled":true,"_links":{"self":[{"href":"https:\/\/eldiariodesanpedro.com.ar\/sitio\/wp-json\/wp\/v2\/posts\/31272","targetHints":{"allow":["GET"]}}],"collection":[{"href":"https:\/\/eldiariodesanpedro.com.ar\/sitio\/wp-json\/wp\/v2\/posts"}],"about":[{"href":"https:\/\/eldiariodesanpedro.com.ar\/sitio\/wp-json\/wp\/v2\/types\/post"}],"author":[{"embeddable":true,"href":"https:\/\/eldiariodesanpedro.com.ar\/sitio\/wp-json\/wp\/v2\/users\/4"}],"replies":[{"embeddable":true,"href":"https:\/\/eldiariodesanpedro.com.ar\/sitio\/wp-json\/wp\/v2\/comments?post=31272"}],"version-history":[{"count":2,"href":"https:\/\/eldiariodesanpedro.com.ar\/sitio\/wp-json\/wp\/v2\/posts\/31272\/revisions"}],"predecessor-version":[{"id":31278,"href":"https:\/\/eldiariodesanpedro.com.ar\/sitio\/wp-json\/wp\/v2\/posts\/31272\/revisions\/31278"}],"wp:featuredmedia":[{"embeddable":true,"href":"https:\/\/eldiariodesanpedro.com.ar\/sitio\/wp-json\/wp\/v2\/media\/24338"}],"wp:attachment":[{"href":"https:\/\/eldiariodesanpedro.com.ar\/sitio\/wp-json\/wp\/v2\/media?parent=31272"}],"wp:term":[{"taxonomy":"category","embeddable":true,"href":"https:\/\/eldiariodesanpedro.com.ar\/sitio\/wp-json\/wp\/v2\/categories?post=31272"},{"taxonomy":"post_tag","embeddable":true,"href":"https:\/\/eldiariodesanpedro.com.ar\/sitio\/wp-json\/wp\/v2\/tags?post=31272"}],"curies":[{"name":"wp","href":"https:\/\/api.w.org\/{rel}","templated":true}]}}