{"id":31270,"date":"2018-04-08T20:25:05","date_gmt":"2018-04-08T23:25:05","guid":{"rendered":"https:\/\/eldiariodesanpedro.com.ar\/sitio\/?p=31270"},"modified":"2018-04-08T20:25:05","modified_gmt":"2018-04-08T23:25:05","slug":"una-persona-gravemente-herida-en-una-rina","status":"publish","type":"post","link":"https:\/\/eldiariodesanpedro.com.ar\/sitio\/una-persona-gravemente-herida-en-una-rina\/","title":{"rendered":"Una persona gravemente herida en una ri\u00f1a"},"content":{"rendered":"<p><!-- VideographyWP Plugin Message: Automatic video embedding prevented by plugin options. --><br \/>\n  Durante las primeras horas de luz de este viernes pasado, cerca de las 7 de la ma\u00f1ana, Polic\u00eda de nuestra ciudad debi\u00f3 hacerse presente en la plaza Belgrano, donde un joven de 27 a\u00f1os se encontraba herido de gravedad.<br \/>\n  Al momento de ser identificado, adem\u00e1s de poder establecer su identidad, se pudo conocer el motivo por el cual sufri\u00f3 las heridas que presentaba.<\/p>\n<p>  Aparentemente, habr\u00eda sido golpeado por terceros que ya fueron identificados por la misma v\u00edctima, quien al momento del hallazgo fue trasladado a la Guardia del Hospital Emilio Ruffa de nuestra ciudad y, donde se determin\u00f3 que las heridas que presentaba eran de gravedad. Traumatismo de cr\u00e1neo severo y trauma facial por los golpes recibidos. Por tal motivo, fue dejado en observaci\u00f3n. <\/p>\n","protected":false},"excerpt":{"rendered":"<p>Durante las primeras horas de luz de este viernes pasado, cerca de las 7 de la ma\u00f1ana, Polic\u00eda de nuestra ciudad debi\u00f3 hacerse presente en la plaza Belgrano, donde un joven de 27 a\u00f1os se encontraba herido de gravedad. Al momento de ser identificado, adem\u00e1s de poder establecer su identidad, se pudo conocer el motivo [&hellip;]<\/p>\n","protected":false},"author":4,"featured_media":9457,"comment_status":"open","ping_status":"closed","sticky":false,"template":"","format":"standard","meta":{"om_disable_all_campaigns":false,"_jetpack_memberships_contains_paid_content":false,"footnotes":""},"categories":[2,103],"tags":[],"class_list":["post-31270","post","type-post","status-publish","format-standard","has-post-thumbnail","hentry","category-locales","category-policiales-locales"],"aioseo_notices":[],"gutentor_comment":0,"jetpack_featured_media_url":"https:\/\/eldiariodesanpedro.com.ar\/sitio\/wp-content\/uploads\/2016\/10\/HOSPITAL-subzonal-san-pedro.jpg","jetpack_shortlink":"https:\/\/wp.me\/p6RhLt-88m","jetpack_sharing_enabled":true,"_links":{"self":[{"href":"https:\/\/eldiariodesanpedro.com.ar\/sitio\/wp-json\/wp\/v2\/posts\/31270","targetHints":{"allow":["GET"]}}],"collection":[{"href":"https:\/\/eldiariodesanpedro.com.ar\/sitio\/wp-json\/wp\/v2\/posts"}],"about":[{"href":"https:\/\/eldiariodesanpedro.com.ar\/sitio\/wp-json\/wp\/v2\/types\/post"}],"author":[{"embeddable":true,"href":"https:\/\/eldiariodesanpedro.com.ar\/sitio\/wp-json\/wp\/v2\/users\/4"}],"replies":[{"embeddable":true,"href":"https:\/\/eldiariodesanpedro.com.ar\/sitio\/wp-json\/wp\/v2\/comments?post=31270"}],"version-history":[{"count":2,"href":"https:\/\/eldiariodesanpedro.com.ar\/sitio\/wp-json\/wp\/v2\/posts\/31270\/revisions"}],"predecessor-version":[{"id":31276,"href":"https:\/\/eldiariodesanpedro.com.ar\/sitio\/wp-json\/wp\/v2\/posts\/31270\/revisions\/31276"}],"wp:featuredmedia":[{"embeddable":true,"href":"https:\/\/eldiariodesanpedro.com.ar\/sitio\/wp-json\/wp\/v2\/media\/9457"}],"wp:attachment":[{"href":"https:\/\/eldiariodesanpedro.com.ar\/sitio\/wp-json\/wp\/v2\/media?parent=31270"}],"wp:term":[{"taxonomy":"category","embeddable":true,"href":"https:\/\/eldiariodesanpedro.com.ar\/sitio\/wp-json\/wp\/v2\/categories?post=31270"},{"taxonomy":"post_tag","embeddable":true,"href":"https:\/\/eldiariodesanpedro.com.ar\/sitio\/wp-json\/wp\/v2\/tags?post=31270"}],"curies":[{"name":"wp","href":"https:\/\/api.w.org\/{rel}","templated":true}]}}