{"id":31264,"date":"2018-04-06T20:39:07","date_gmt":"2018-04-06T23:39:07","guid":{"rendered":"https:\/\/eldiariodesanpedro.com.ar\/sitio\/?p=31264"},"modified":"2026-01-24T00:16:33","modified_gmt":"2026-01-24T03:16:33","slug":"pesca-comienza-un-certamen-en-el-club-pescadores","status":"publish","type":"post","link":"https:\/\/eldiariodesanpedro.com.ar\/sitio\/pesca-comienza-un-certamen-en-el-club-pescadores\/","title":{"rendered":"PESCA: Comienza un certamen en el club Pescadores"},"content":{"rendered":"<p><!-- VideographyWP Plugin Message: Automatic video embedding prevented by plugin options. --><br \/>\n  Pescadores organiza un concurso de Pesca variada de r\u00edo desde este domingo 8 de abril en la d\u00e1rsena del club, acondicionada para tal fin. Ser\u00e1n ocho fechas que entrega fecha a fecha regalos sorpresas. Las categor\u00edas son Infantiles, cadetes y mayores para damas y caballeros. Cabe recordar que en 2017 una gran cantidad de pescadores deportivos y aficionados se dieron cita en el evento.  <\/p>\n<p><img decoding=\"async\" data-attachment-id=\"31266\" data-permalink=\"https:\/\/eldiariodesanpedro.com.ar\/sitio\/pesca-comienza-un-certamen-en-el-club-pescadores\/promocion-evento-pesaca-pescadores\/\" data-orig-file=\"https:\/\/eldiariodesanpedro.com.ar\/sitio\/wp-content\/uploads\/2018\/04\/promocion-evento-pesaca-pescadores.jpg\" data-orig-size=\"746,999\" data-comments-opened=\"1\" data-image-meta=\"{&quot;aperture&quot;:&quot;0&quot;,&quot;credit&quot;:&quot;&quot;,&quot;camera&quot;:&quot;&quot;,&quot;caption&quot;:&quot;&quot;,&quot;created_timestamp&quot;:&quot;0&quot;,&quot;copyright&quot;:&quot;&quot;,&quot;focal_length&quot;:&quot;0&quot;,&quot;iso&quot;:&quot;0&quot;,&quot;shutter_speed&quot;:&quot;0&quot;,&quot;title&quot;:&quot;&quot;,&quot;orientation&quot;:&quot;0&quot;}\" data-image-title=\"promocion evento pesaca pescadores\" data-image-description=\"\" data-image-caption=\"\" data-large-file=\"https:\/\/eldiariodesanpedro.com.ar\/sitio\/wp-content\/uploads\/2018\/04\/promocion-evento-pesaca-pescadores.jpg\" data-src=\"https:\/\/eldiariodesanpedro.com.ar\/sitio\/wp-content\/uploads\/2018\/04\/promocion-evento-pesaca-pescadores.jpg\" alt=\"\" width=\"746\" height=\"999\" class=\"alignnone size-full wp-image-31266 lazyload\" data-srcset=\"https:\/\/eldiariodesanpedro.com.ar\/sitio\/wp-content\/uploads\/2018\/04\/promocion-evento-pesaca-pescadores.jpg 746w, https:\/\/eldiariodesanpedro.com.ar\/sitio\/wp-content\/uploads\/2018\/04\/promocion-evento-pesaca-pescadores-224x300.jpg 224w\" data-sizes=\"(max-width: 746px) 100vw, 746px\" src=\"data:image\/svg+xml;base64,PHN2ZyB3aWR0aD0iMSIgaGVpZ2h0PSIxIiB4bWxucz0iaHR0cDovL3d3dy53My5vcmcvMjAwMC9zdmciPjwvc3ZnPg==\" style=\"--smush-placeholder-width: 746px; --smush-placeholder-aspect-ratio: 746\/999;\" \/><\/p>\n","protected":false},"excerpt":{"rendered":"<p>Pescadores organiza un concurso de Pesca variada de r\u00edo desde este domingo 8 de abril en la d\u00e1rsena del club, acondicionada para tal fin. Ser\u00e1n ocho fechas que entrega fecha a fecha regalos sorpresas. Las categor\u00edas son Infantiles, cadetes y mayores para damas y caballeros. Cabe recordar que en 2017 una gran cantidad de pescadores [&hellip;]<\/p>\n","protected":false},"author":4,"featured_media":31265,"comment_status":"open","ping_status":"closed","sticky":false,"template":"","format":"standard","meta":{"om_disable_all_campaigns":false,"_jetpack_memberships_contains_paid_content":false,"footnotes":""},"categories":[5],"tags":[],"class_list":["post-31264","post","type-post","status-publish","format-standard","has-post-thumbnail","hentry","category-deportes"],"aioseo_notices":[],"gutentor_comment":0,"jetpack_featured_media_url":"https:\/\/eldiariodesanpedro.com.ar\/sitio\/wp-content\/uploads\/2018\/04\/Promoci\u00f3n-del-evento-encabezado.jpg","jetpack_shortlink":"https:\/\/wp.me\/p6RhLt-88g","jetpack_sharing_enabled":true,"_links":{"self":[{"href":"https:\/\/eldiariodesanpedro.com.ar\/sitio\/wp-json\/wp\/v2\/posts\/31264","targetHints":{"allow":["GET"]}}],"collection":[{"href":"https:\/\/eldiariodesanpedro.com.ar\/sitio\/wp-json\/wp\/v2\/posts"}],"about":[{"href":"https:\/\/eldiariodesanpedro.com.ar\/sitio\/wp-json\/wp\/v2\/types\/post"}],"author":[{"embeddable":true,"href":"https:\/\/eldiariodesanpedro.com.ar\/sitio\/wp-json\/wp\/v2\/users\/4"}],"replies":[{"embeddable":true,"href":"https:\/\/eldiariodesanpedro.com.ar\/sitio\/wp-json\/wp\/v2\/comments?post=31264"}],"version-history":[{"count":1,"href":"https:\/\/eldiariodesanpedro.com.ar\/sitio\/wp-json\/wp\/v2\/posts\/31264\/revisions"}],"predecessor-version":[{"id":31267,"href":"https:\/\/eldiariodesanpedro.com.ar\/sitio\/wp-json\/wp\/v2\/posts\/31264\/revisions\/31267"}],"wp:featuredmedia":[{"embeddable":true,"href":"https:\/\/eldiariodesanpedro.com.ar\/sitio\/wp-json\/wp\/v2\/media\/31265"}],"wp:attachment":[{"href":"https:\/\/eldiariodesanpedro.com.ar\/sitio\/wp-json\/wp\/v2\/media?parent=31264"}],"wp:term":[{"taxonomy":"category","embeddable":true,"href":"https:\/\/eldiariodesanpedro.com.ar\/sitio\/wp-json\/wp\/v2\/categories?post=31264"},{"taxonomy":"post_tag","embeddable":true,"href":"https:\/\/eldiariodesanpedro.com.ar\/sitio\/wp-json\/wp\/v2\/tags?post=31264"}],"curies":[{"name":"wp","href":"https:\/\/api.w.org\/{rel}","templated":true}]}}