{"id":31261,"date":"2018-04-06T20:36:20","date_gmt":"2018-04-06T23:36:20","guid":{"rendered":"https:\/\/eldiariodesanpedro.com.ar\/sitio\/?p=31261"},"modified":"2026-01-24T00:16:33","modified_gmt":"2026-01-24T03:16:33","slug":"federal-c-joaquin-gil-dirige-en-ramallo-social-ante-9-de-julio","status":"publish","type":"post","link":"https:\/\/eldiariodesanpedro.com.ar\/sitio\/federal-c-joaquin-gil-dirige-en-ramallo-social-ante-9-de-julio\/","title":{"rendered":"FEDERAL C: Joaqu\u00edn Gil dirige en Ramallo, Social ante 9 de Julio"},"content":{"rendered":"<p><!-- VideographyWP Plugin Message: Automatic video embedding prevented by plugin options. --><br \/>\nPor el Torneo Federal C, Regi\u00f3n Bonaerense Pampeana Norte, semifinal de ascenso 1 y 2, el \u00e1rbitro sampedrino Joaqu\u00edn Gil junto a Milton Ayala y Damian Bertolini ser\u00e1n los encargados de dirigir el cotejo entre Social Ramallo-9 de Julio de Chacabuco, partido de ida que se disputa en Ramallo el pr\u00f3ximo domingo a las 16.00 horas.  <\/p>\n<p><strong>Todos los partidos<\/strong><br \/>\n<em>Ascenso 1:<\/em><br \/>\n8\/4\/2018 16:00 hs.<br \/>\n1: Racing (Col\u00f3n) vs. Atl\u00e9tico (9 de Julio), \u00e1rbitro: Alejo Cid (Pergamino)<br \/>\n2: Social Ramallo (San Nicol\u00e1s) vs. 9 de Julio (Chacabuco).<\/p>\n<p><em>Ascenso 2:<\/em><br \/>\n 07\/4\/18 16:00 hs.<br \/>\n1: Fernando C\u00e1ceres F.C. (Luj\u00e1n) vs. SATSAID de La Reja (Luj\u00e1n), \u00e1rbitro: Maximiliano Macheroni (Rosario)<br \/>\n8\/4\/2018 16:30.<br \/>\n2: Everton (La Plata) vs. Nueva Alianza (La Plata), \u00e1rbitro: Mauro Falc\u00f3n (La Plata)<br \/>\nLos ganadores de cada llave se enfrentar\u00e1n en final por el ascenso.<\/p>\n","protected":false},"excerpt":{"rendered":"<p>Por el Torneo Federal C, Regi\u00f3n Bonaerense Pampeana Norte, semifinal de ascenso 1 y 2, el \u00e1rbitro sampedrino Joaqu\u00edn Gil junto a Milton Ayala y Damian Bertolini ser\u00e1n los encargados de dirigir el cotejo entre Social Ramallo-9 de Julio de Chacabuco, partido de ida que se disputa en Ramallo el pr\u00f3ximo domingo a las 16.00 [&hellip;]<\/p>\n","protected":false},"author":4,"featured_media":31262,"comment_status":"open","ping_status":"closed","sticky":false,"template":"","format":"standard","meta":{"om_disable_all_campaigns":false,"_jetpack_memberships_contains_paid_content":false,"footnotes":""},"categories":[5],"tags":[],"class_list":["post-31261","post","type-post","status-publish","format-standard","has-post-thumbnail","hentry","category-deportes"],"aioseo_notices":[],"gutentor_comment":0,"jetpack_featured_media_url":"https:\/\/eldiariodesanpedro.com.ar\/sitio\/wp-content\/uploads\/2018\/04\/Joaqu\u00edn-recibi\u00f3-hace-pocos-d\u00edas-el-diploma-de-AFA-que-lo-acredita-como-\u00e1rbitro-nacional.jpg","jetpack_shortlink":"https:\/\/wp.me\/p6RhLt-88d","jetpack_sharing_enabled":true,"_links":{"self":[{"href":"https:\/\/eldiariodesanpedro.com.ar\/sitio\/wp-json\/wp\/v2\/posts\/31261","targetHints":{"allow":["GET"]}}],"collection":[{"href":"https:\/\/eldiariodesanpedro.com.ar\/sitio\/wp-json\/wp\/v2\/posts"}],"about":[{"href":"https:\/\/eldiariodesanpedro.com.ar\/sitio\/wp-json\/wp\/v2\/types\/post"}],"author":[{"embeddable":true,"href":"https:\/\/eldiariodesanpedro.com.ar\/sitio\/wp-json\/wp\/v2\/users\/4"}],"replies":[{"embeddable":true,"href":"https:\/\/eldiariodesanpedro.com.ar\/sitio\/wp-json\/wp\/v2\/comments?post=31261"}],"version-history":[{"count":1,"href":"https:\/\/eldiariodesanpedro.com.ar\/sitio\/wp-json\/wp\/v2\/posts\/31261\/revisions"}],"predecessor-version":[{"id":31263,"href":"https:\/\/eldiariodesanpedro.com.ar\/sitio\/wp-json\/wp\/v2\/posts\/31261\/revisions\/31263"}],"wp:featuredmedia":[{"embeddable":true,"href":"https:\/\/eldiariodesanpedro.com.ar\/sitio\/wp-json\/wp\/v2\/media\/31262"}],"wp:attachment":[{"href":"https:\/\/eldiariodesanpedro.com.ar\/sitio\/wp-json\/wp\/v2\/media?parent=31261"}],"wp:term":[{"taxonomy":"category","embeddable":true,"href":"https:\/\/eldiariodesanpedro.com.ar\/sitio\/wp-json\/wp\/v2\/categories?post=31261"},{"taxonomy":"post_tag","embeddable":true,"href":"https:\/\/eldiariodesanpedro.com.ar\/sitio\/wp-json\/wp\/v2\/tags?post=31261"}],"curies":[{"name":"wp","href":"https:\/\/api.w.org\/{rel}","templated":true}]}}