{"id":31256,"date":"2018-04-06T20:34:24","date_gmt":"2018-04-06T23:34:24","guid":{"rendered":"https:\/\/eldiariodesanpedro.com.ar\/sitio\/?p=31256"},"modified":"2026-01-24T00:16:33","modified_gmt":"2026-01-24T03:16:33","slug":"no-habra-actividad-este-fin-de-semana-ligas-del-interior-paran-sus-torneos-por-el-alto-costo-de-la-seguridad-san-pedro-adhiere","status":"publish","type":"post","link":"https:\/\/eldiariodesanpedro.com.ar\/sitio\/no-habra-actividad-este-fin-de-semana-ligas-del-interior-paran-sus-torneos-por-el-alto-costo-de-la-seguridad-san-pedro-adhiere\/","title":{"rendered":"No habr\u00e1 actividad este fin de semana: Ligas del Interior paran sus torneos por el alto costo de la seguridad, San Pedro adhiere"},"content":{"rendered":"<p><!-- VideographyWP Plugin Message: Automatic video embedding prevented by plugin options. --><br \/>\nEl Presidente Hugo Cejas, manifest\u00f3 que en total acuerdo con la Liga de F\u00fatbol de Baradero y en conjunto, se decide adherir a las decisiones de 12 ligas de toda la zona y en consecuencia no habr\u00e1 actividad durante este fin de semana. <\/p>\n<p>  Tambi\u00e9n aclar\u00f3 que en realidad las dem\u00e1s ligas, o en su mayor\u00eda, cuentan con el grave inconveniente que tienen que afrontar costos elevados por la gran cantidad de efectivos que les solicitan para los cotejos locales, lo que en San Pedro y Baradero no sucede, por la \u00abexcelente relaci\u00f3n que se tiene con la seguridad desde siempre y por suerte no ocurren hechos como en otros lugares\u00bb. <\/p>\n<p><strong>COMUNICADO DE LA LIGA<\/strong><br \/>\n  La Liga Deportiva Sampedrina informa que se adhiere a la medida de fuerza de ligas afiliadas a Federaci\u00f3n Norte de F\u00fatbol y no habr\u00e1 f\u00fatbol durante el pr\u00f3ximo fin de semana.<\/p>\n<p>  \u201cEn conjunto con la Liga de F\u00fatbol de Baradero, con quien llevamos adelante desde hace 12 a\u00f1os una Alianza Deportiva, se decide adherir a las decisiones de 12 ligas de toda la zona y en consecuencia no habr\u00e1 actividad durante este fin de semana. <\/p>\n<p>  Se deja constancia que esta casa se solidariza con las dem\u00e1s ligas, las cuales cuentan con el grave inconveniente que tienen que afrontar costos elevados por la gran cantidad de efectivos que les solicitan para los cotejos locales, lo que en San Pedro y Baradero no sucede, salvo contadas excepciones por convocatoria multitudinaria de un partido, por la excelente relaci\u00f3n que se tiene con la seguridad de ambas ciudades y por suerte no ocurren hechos como en otros lugares que demanden una mayor cantidad de efectivos\u201d.<\/p>\n<p><strong>COMUNICADO DE FEDERACI\u00d3N NORTE DE F\u00daTBOL<\/strong><br \/>\n  \u201cAnte el incremento del 108% del costo policial exigido para cubrir los encuentros de f\u00fatbol de la Provincia de Bs. As. y a instancia de la propuesta adoptada por sus afiliadas: San Antonio de Areco, San Nicol\u00e1s y Mercedes, se ha decidido suspender a partir del venidero fin de semana todos los partidos de F\u00fatbol correspondientes a los torneos oficiales organizados tanto por la FNF como por las Ligas referidas a quienes adhieren solidariamente las restantes Ligas Federadas Chacabuco, San Pedro, Baradero, Arrecifes, Z\u00e1rate, Campana, Chivilcoy, Col\u00f3n y Rojas, sin perjuicio de continuar con la gesti\u00f3n de encontrar junto con la autoridad Provincial una soluci\u00f3n para el f\u00fatbol amateur\u201d.<br \/>\n  En su mayor\u00eda las ligas decidieron parar, aunque en algunos casos encontraron eco a su reclamo v\u00eda municipal, donde por ejemplo el conocido de los sampedrinos Guillermo Britos en Chivilcoy se hace cargo de una parte del costo operativo. Sin embargo, esa liga adhiere a la medida de otras y no jugar\u00e1 este fin de semana.<\/p>\n<p><strong>Sanciones, f\u00fatbol local<\/strong><\/p>\n<p>El tribunal de disciplina aplic\u00f3 las siguientes:<\/p>\n<p>Con una fecha: F. Ferreyra, M. Belo, A. Farias, F. Panizza, L. Zarate, Rodrigo Avalos (DT), R. Figueroa, M. Soria, B. Giacometti, A. Peyroucelle, A. Oliveto, K. Franco, J. Di Napoli, J. Telechea, C. Pascual, A. Cuels. <\/p>\n<p>Con dos fechas: A. De los Santos, E. Tonsoratti, E. Lencina, L. Monz\u00f3n, E. Casaf\u00fa, G. Garc\u00eda y Daniel Dom\u00ednguez.  Con tres fechas: M. Devincenzo (DT).<\/p>\n<p>Facundo Arrieta, jugador de Paran\u00e1 expulsado en el \u00faltimo cotejo jugado por el \u201calbirojo\u201d ante Social Ramallo fue penado con una fecha de sanci\u00f3n por el Tribunal del Consejo Federal. <\/p>\n","protected":false},"excerpt":{"rendered":"<p>El Presidente Hugo Cejas, manifest\u00f3 que en total acuerdo con la Liga de F\u00fatbol de Baradero y en conjunto, se decide adherir a las decisiones de 12 ligas de toda la zona y en consecuencia no habr\u00e1 actividad durante este fin de semana. Tambi\u00e9n aclar\u00f3 que en realidad las dem\u00e1s ligas, o en su mayor\u00eda, [&hellip;]<\/p>\n","protected":false},"author":4,"featured_media":31258,"comment_status":"open","ping_status":"closed","sticky":false,"template":"","format":"standard","meta":{"om_disable_all_campaigns":false,"_jetpack_memberships_contains_paid_content":false,"footnotes":""},"categories":[5],"tags":[],"class_list":["post-31256","post","type-post","status-publish","format-standard","has-post-thumbnail","hentry","category-deportes"],"aioseo_notices":[],"gutentor_comment":0,"jetpack_featured_media_url":"https:\/\/eldiariodesanpedro.com.ar\/sitio\/wp-content\/uploads\/2018\/04\/Hugo-Cejas-Presidente-de-la-liga-sampedrina.jpg","jetpack_shortlink":"https:\/\/wp.me\/p6RhLt-888","jetpack_sharing_enabled":true,"_links":{"self":[{"href":"https:\/\/eldiariodesanpedro.com.ar\/sitio\/wp-json\/wp\/v2\/posts\/31256","targetHints":{"allow":["GET"]}}],"collection":[{"href":"https:\/\/eldiariodesanpedro.com.ar\/sitio\/wp-json\/wp\/v2\/posts"}],"about":[{"href":"https:\/\/eldiariodesanpedro.com.ar\/sitio\/wp-json\/wp\/v2\/types\/post"}],"author":[{"embeddable":true,"href":"https:\/\/eldiariodesanpedro.com.ar\/sitio\/wp-json\/wp\/v2\/users\/4"}],"replies":[{"embeddable":true,"href":"https:\/\/eldiariodesanpedro.com.ar\/sitio\/wp-json\/wp\/v2\/comments?post=31256"}],"version-history":[{"count":1,"href":"https:\/\/eldiariodesanpedro.com.ar\/sitio\/wp-json\/wp\/v2\/posts\/31256\/revisions"}],"predecessor-version":[{"id":31260,"href":"https:\/\/eldiariodesanpedro.com.ar\/sitio\/wp-json\/wp\/v2\/posts\/31256\/revisions\/31260"}],"wp:featuredmedia":[{"embeddable":true,"href":"https:\/\/eldiariodesanpedro.com.ar\/sitio\/wp-json\/wp\/v2\/media\/31258"}],"wp:attachment":[{"href":"https:\/\/eldiariodesanpedro.com.ar\/sitio\/wp-json\/wp\/v2\/media?parent=31256"}],"wp:term":[{"taxonomy":"category","embeddable":true,"href":"https:\/\/eldiariodesanpedro.com.ar\/sitio\/wp-json\/wp\/v2\/categories?post=31256"},{"taxonomy":"post_tag","embeddable":true,"href":"https:\/\/eldiariodesanpedro.com.ar\/sitio\/wp-json\/wp\/v2\/tags?post=31256"}],"curies":[{"name":"wp","href":"https:\/\/api.w.org\/{rel}","templated":true}]}}