{"id":31254,"date":"2018-04-06T20:32:52","date_gmt":"2018-04-06T23:32:52","guid":{"rendered":"https:\/\/eldiariodesanpedro.com.ar\/sitio\/?p=31254"},"modified":"2026-01-24T00:16:33","modified_gmt":"2026-01-24T03:16:33","slug":"futbol-infantil-los-horarios-y-partidos-de-la-5ta-fecha-a-jugarse-hoy-y-posiciones","status":"publish","type":"post","link":"https:\/\/eldiariodesanpedro.com.ar\/sitio\/futbol-infantil-los-horarios-y-partidos-de-la-5ta-fecha-a-jugarse-hoy-y-posiciones\/","title":{"rendered":"F\u00daTBOL INFANTIL: Los horarios y partidos de la 5ta. Fecha a jugarse hoy y posiciones"},"content":{"rendered":"<p><!-- VideographyWP Plugin Message: Automatic video embedding prevented by plugin options. --><br \/>\n  Continuar\u00e1 la quinta fecha del Torneo Apertura de la Liga Infantil de F\u00fatbol de San Pedro, siempre y cuando el clima juegue a favor este s\u00e1bado.<\/p>\n<p><strong>Programaci\u00f3n <\/strong><br \/>\n<em>12:30 horas<\/em><br \/>\nRivadavia de Baradero vs. Sportivo Am\u00e9rica de San Pedro<\/p>\n<p><em>13:00 horas<\/em><br \/>\nDefensores Unidos de San Pedro vs. Independiente de R\u00edo Tala<br \/>\nAtl\u00e9tico Mitre de San Pedro vs. El Tanque de San Pedro<br \/>\nAgricultores Club de Gob. Castro vs. Atl\u00e9tico Baradero<br \/>\nCosta Azul de Baradero vs. Gral. San Mart\u00edn de P\u00e9rez Mill\u00e1n<br \/>\nSan Roque FC de San Pedro vs. Los Andes de San Pedro<br \/>\nCentral C\u00f3rdoba de Santa Luc\u00eda vs. Deportivo Alsina de Alsina<br \/>\nVilla Igoillo de San Pedro vs. Castro FC de Gob. Castro<br \/>\nIndependencia FC de San Pedro vs. Sportivo Baradero<br \/>\nFundici\u00f3n FC de Baradero vs. Paran\u00e1 FC de San Pedro<br \/>\nPescadores y N\u00e1utica de San Pedro vs. El Porvenir de San Pedro<\/p>\n<p><strong>Posiciones<\/strong><br \/>\n<em>2011:<\/em> Atl\u00e9tico 8, El Porvenir 7, General San Mart\u00edn 7, Paran\u00e1 7, Rivadavia 7, El Tanque 6, Independencia 4, Agricultores 4, Pescadores 4, Mitre 4, San Roque 4, Def. Unidos 3, Villa Igoillo 3, Central C\u00f3rdoba 3, Am\u00e9rica 3, Fundici\u00f3n 3, Independiente (RT) 2, Costa Azul 1, Los Andes 0, Castro FC 0, Sportivo 0.<\/p>\n<p><em>2010:<\/em> Paran\u00e1 8, El Porvenir 7, Independencia 6, General San Mart\u00edn 6, Atl\u00e9tico 6, Rivadavia 6, Villa Igoillo 5, Sportivo 5, Mitre 4, Pescadores 3, Independiente (RT) 3, Costa Azul 3, El Tanque 3, Fundici\u00f3n 2, Agricultores 2, San Roque 1, Dep. Alsina 1, Am\u00e9rica 1, Los Andes 0, Def. Unidos 0.<\/p>\n<p><em>2009:<\/em> Sportivo 8, El Tanque 8, Mitre 8, El Porvenir 7, General San Mart\u00edn 6, Central C\u00f3rdoba 7, Independencia 6, Paran\u00e1 5, Am\u00e9rica 4, Atl\u00e9tico 4, Rivadavia 4, Castro FC 3, Villa Igoillo 3, Dep. Alsina 3, Agricultores 2, Fundici\u00f3n 2, San Roque 2, Independiente (RT) 0, Pescadores 0, Los Andes 0, Def. Unidos 0.<\/p>\n<p><em>2008:<\/em> Paran\u00e1 8, El Tanque 8, El Porvenir 7, Central C\u00f3rdoba 6, General San Mart\u00edn 6, Mitre 6, Am\u00e9rica 6, Rivadavia 6, Los Andes 4, Costa Azul 4, San Roque 4, Agricultores 3, Fundici\u00f3n 3, Pescadores 3, Sportivo 3, Villa Igoillo 2, Atl\u00e9tico 2, Independencia 1, Def. Unidos 1, Dep. Alsina 1, Independiente (RT) 0, Castro FC 0.<\/p>\n<p><em>2007:<\/em> El Tanque 8, El Porvenir 8, Mitre 8, Sportivo 7, Independencia 7, General San Mart\u00edn 6, Agricultores 5, Paran\u00e1 5, Rivadavia 5, Central C\u00f3rdoba 4, Costa Azul 4, Pescadores 3, Independiente (RT) 3, Fundici\u00f3n 3, Villa Igoillo 3, Def. Unidos 3, Am\u00e9rica 2, Atl\u00e9tico 1, Los Andes 1, San Roque 1, Castro FC 1, Dep. Alsina 0.<\/p>\n<p><em>2006:<\/em> Mitre 8, General San Mart\u00edn 8, El Tanque 8, Sportivo 7, El Porvenir 6, Independencia 6, Rivadavia 6, San Roque 5, Paran\u00e1 5, Agricultores 5, Costa Azul 5, Am\u00e9rica 5, Atl\u00e9tico 4, Def. Unidos 4, Fundici\u00f3n 2, Villa Igoillo 2, Dep. Alsina 1, Pescadores 1, Central C\u00f3rdoba 0, Los Andes 0, Castro FC 0, Independiente (RT) 0.<\/p>\n","protected":false},"excerpt":{"rendered":"<p>Continuar\u00e1 la quinta fecha del Torneo Apertura de la Liga Infantil de F\u00fatbol de San Pedro, siempre y cuando el clima juegue a favor este s\u00e1bado. Programaci\u00f3n 12:30 horas Rivadavia de Baradero vs. Sportivo Am\u00e9rica de San Pedro 13:00 horas Defensores Unidos de San Pedro vs. Independiente de R\u00edo Tala Atl\u00e9tico Mitre de San Pedro [&hellip;]<\/p>\n","protected":false},"author":4,"featured_media":10282,"comment_status":"open","ping_status":"closed","sticky":false,"template":"","format":"standard","meta":{"om_disable_all_campaigns":false,"_jetpack_memberships_contains_paid_content":false,"footnotes":""},"categories":[5],"tags":[],"class_list":["post-31254","post","type-post","status-publish","format-standard","has-post-thumbnail","hentry","category-deportes"],"aioseo_notices":[],"gutentor_comment":0,"jetpack_featured_media_url":"https:\/\/eldiariodesanpedro.com.ar\/sitio\/wp-content\/uploads\/2016\/11\/futbol-infantil.jpg","jetpack_shortlink":"https:\/\/wp.me\/p6RhLt-886","jetpack_sharing_enabled":true,"_links":{"self":[{"href":"https:\/\/eldiariodesanpedro.com.ar\/sitio\/wp-json\/wp\/v2\/posts\/31254","targetHints":{"allow":["GET"]}}],"collection":[{"href":"https:\/\/eldiariodesanpedro.com.ar\/sitio\/wp-json\/wp\/v2\/posts"}],"about":[{"href":"https:\/\/eldiariodesanpedro.com.ar\/sitio\/wp-json\/wp\/v2\/types\/post"}],"author":[{"embeddable":true,"href":"https:\/\/eldiariodesanpedro.com.ar\/sitio\/wp-json\/wp\/v2\/users\/4"}],"replies":[{"embeddable":true,"href":"https:\/\/eldiariodesanpedro.com.ar\/sitio\/wp-json\/wp\/v2\/comments?post=31254"}],"version-history":[{"count":2,"href":"https:\/\/eldiariodesanpedro.com.ar\/sitio\/wp-json\/wp\/v2\/posts\/31254\/revisions"}],"predecessor-version":[{"id":31259,"href":"https:\/\/eldiariodesanpedro.com.ar\/sitio\/wp-json\/wp\/v2\/posts\/31254\/revisions\/31259"}],"wp:featuredmedia":[{"embeddable":true,"href":"https:\/\/eldiariodesanpedro.com.ar\/sitio\/wp-json\/wp\/v2\/media\/10282"}],"wp:attachment":[{"href":"https:\/\/eldiariodesanpedro.com.ar\/sitio\/wp-json\/wp\/v2\/media?parent=31254"}],"wp:term":[{"taxonomy":"category","embeddable":true,"href":"https:\/\/eldiariodesanpedro.com.ar\/sitio\/wp-json\/wp\/v2\/categories?post=31254"},{"taxonomy":"post_tag","embeddable":true,"href":"https:\/\/eldiariodesanpedro.com.ar\/sitio\/wp-json\/wp\/v2\/tags?post=31254"}],"curies":[{"name":"wp","href":"https:\/\/api.w.org\/{rel}","templated":true}]}}