{"id":31250,"date":"2018-04-06T20:28:14","date_gmt":"2018-04-06T23:28:14","guid":{"rendered":"https:\/\/eldiariodesanpedro.com.ar\/sitio\/?p=31250"},"modified":"2018-04-06T20:28:14","modified_gmt":"2018-04-06T23:28:14","slug":"el-ministerio-de-gobierno-ratifico-su-respaldo-a-la-gestion-municipal","status":"publish","type":"post","link":"https:\/\/eldiariodesanpedro.com.ar\/sitio\/el-ministerio-de-gobierno-ratifico-su-respaldo-a-la-gestion-municipal\/","title":{"rendered":"El Ministerio de Gobierno ratific\u00f3 su respaldo a la gesti\u00f3n municipal"},"content":{"rendered":"<p><!-- VideographyWP Plugin Message: Automatic video embedding prevented by plugin options. --><br \/>\nEl Intendente Municipal Cecilio Salazar firm\u00f3 ayer en La Plata con el Ministerio de Gobierno de la Provincia de Buenos Aires un convenio que renueva el acompa\u00f1amiento que desde la cartera que dirige el Dr. Joaqu\u00edn P\u00e9rez de la Torre y que se viene materializando en diferentes \u00e1reas.<\/p>\n<p>  El objetivo de sigue siendo optimizar recursos y procedimientos, en este caso bajo de la denominaci\u00f3n \u00abInnovaci\u00f3n en la Planificaci\u00f3n y Gesti\u00f3n de Pol\u00edticas Municipales\u00bb.<\/p>\n<p>  Con la vigencia del mismo, diferentes equipos t\u00e9cnicos del gobierno provincial colaboran y asesoran para la implementaci\u00f3n de programas que proporcionan novedades de las que se puede nutrir la administraci\u00f3n municipal.<\/p>\n<p>  El gobierno provincial y espec\u00edficamente este Ministerio han desarrollado en el tiempo transcurrido desde el comienzo de la gesti\u00f3n una considerable capacidad para obtener, procesar, administrar y generar informaci\u00f3n y recursos, utilizando las tecnolog\u00edas m\u00e1s avanzadas.<\/p>\n<p>  Con todo esto, la Municipalidad de San Pedro ratifica su acompa\u00f1amiento al desarrollo de todas estas pol\u00edticas buscando as\u00ed continuar en el camino de recuperaci\u00f3n que se ha trazado desde la llegada del Intendente Salazar y su equipo.<\/p>\n","protected":false},"excerpt":{"rendered":"<p>El Intendente Municipal Cecilio Salazar firm\u00f3 ayer en La Plata con el Ministerio de Gobierno de la Provincia de Buenos Aires un convenio que renueva el acompa\u00f1amiento que desde la cartera que dirige el Dr. Joaqu\u00edn P\u00e9rez de la Torre y que se viene materializando en diferentes \u00e1reas. El objetivo de sigue siendo optimizar recursos [&hellip;]<\/p>\n","protected":false},"author":4,"featured_media":31251,"comment_status":"open","ping_status":"closed","sticky":false,"template":"","format":"standard","meta":{"om_disable_all_campaigns":false,"_jetpack_memberships_contains_paid_content":false,"footnotes":""},"categories":[2,102],"tags":[],"class_list":["post-31250","post","type-post","status-publish","format-standard","has-post-thumbnail","hentry","category-locales","category-politica-locales"],"aioseo_notices":[],"gutentor_comment":0,"jetpack_featured_media_url":"https:\/\/eldiariodesanpedro.com.ar\/sitio\/wp-content\/uploads\/2018\/04\/El-Intendente-en-La-Plata.jpg","jetpack_shortlink":"https:\/\/wp.me\/p6RhLt-882","jetpack_sharing_enabled":true,"_links":{"self":[{"href":"https:\/\/eldiariodesanpedro.com.ar\/sitio\/wp-json\/wp\/v2\/posts\/31250","targetHints":{"allow":["GET"]}}],"collection":[{"href":"https:\/\/eldiariodesanpedro.com.ar\/sitio\/wp-json\/wp\/v2\/posts"}],"about":[{"href":"https:\/\/eldiariodesanpedro.com.ar\/sitio\/wp-json\/wp\/v2\/types\/post"}],"author":[{"embeddable":true,"href":"https:\/\/eldiariodesanpedro.com.ar\/sitio\/wp-json\/wp\/v2\/users\/4"}],"replies":[{"embeddable":true,"href":"https:\/\/eldiariodesanpedro.com.ar\/sitio\/wp-json\/wp\/v2\/comments?post=31250"}],"version-history":[{"count":1,"href":"https:\/\/eldiariodesanpedro.com.ar\/sitio\/wp-json\/wp\/v2\/posts\/31250\/revisions"}],"predecessor-version":[{"id":31253,"href":"https:\/\/eldiariodesanpedro.com.ar\/sitio\/wp-json\/wp\/v2\/posts\/31250\/revisions\/31253"}],"wp:featuredmedia":[{"embeddable":true,"href":"https:\/\/eldiariodesanpedro.com.ar\/sitio\/wp-json\/wp\/v2\/media\/31251"}],"wp:attachment":[{"href":"https:\/\/eldiariodesanpedro.com.ar\/sitio\/wp-json\/wp\/v2\/media?parent=31250"}],"wp:term":[{"taxonomy":"category","embeddable":true,"href":"https:\/\/eldiariodesanpedro.com.ar\/sitio\/wp-json\/wp\/v2\/categories?post=31250"},{"taxonomy":"post_tag","embeddable":true,"href":"https:\/\/eldiariodesanpedro.com.ar\/sitio\/wp-json\/wp\/v2\/tags?post=31250"}],"curies":[{"name":"wp","href":"https:\/\/api.w.org\/{rel}","templated":true}]}}