{"id":31249,"date":"2018-04-06T20:28:08","date_gmt":"2018-04-06T23:28:08","guid":{"rendered":"https:\/\/eldiariodesanpedro.com.ar\/sitio\/?p=31249"},"modified":"2018-04-06T20:28:08","modified_gmt":"2018-04-06T23:28:08","slug":"no-hay-ningun-plan-de-ajuste-en-banco-provincia","status":"publish","type":"post","link":"https:\/\/eldiariodesanpedro.com.ar\/sitio\/no-hay-ningun-plan-de-ajuste-en-banco-provincia\/","title":{"rendered":"\u00abNo hay ning\u00fan plan de ajuste en Banco Provincia\u00bb"},"content":{"rendered":"<p><!-- VideographyWP Plugin Message: Automatic video embedding prevented by plugin options. --><br \/>\n\u201cNo hay ning\u00fan plan de ajuste, ni cierre de sucursales ni tampoco privatizaci\u00f3n del Banco Provincia\u201d, asegur\u00f3 el director Diego Rodrigo tras una serie de rumores que circularon en los \u00faltimos d\u00edas desde el sector gremial donde se alertaba sobre un posible achicamiento y venta de la entidad financiera.<\/p>\n<p>  El director de la entidad expuso la necesidad de \u201cllevar tranquilidad a la gente\u201d. Y aclar\u00f3 que \u201cestas afirmaciones del gremio atentan contra el banco, porque cualquier cliente puede tener miedo de poner el dinero\u201d.<br \/>\n  Rodrigo aprovech\u00f3 incluso para mostrar los n\u00fameros que ratifican la solidez de Banco Provincia. \u201cEl a\u00f1o pasado gan\u00f3 7000 millones de pesos y en este primer trimestre lleva ganado m\u00e1s de 2000 millones\u201d, indic\u00f3 el funcionario. Adem\u00e1s, calific\u00f3 a la entidad como \u201cpionera en cr\u00e9ditos hipotecarios UVA\u201d y remarc\u00f3 que son \u201cmiles los vecinos de la provincia que est\u00e1n sacando cr\u00e9ditos para vivienda, motos, autos\u201d.<\/p>\n<p>  Por otro lado, el director consider\u00f3 que el Banco Provincia \u201ccumple un rol social importante al ser un impulsor del financiamiento a las PyMEs y al campo, incluso cuando m\u00e1s lo necesita que es ante inundaciones o sequ\u00edas\u201d. Tambi\u00e9n remarc\u00f3 que la entidad lleva adelante un plan de remodelaci\u00f3n de las 421 sucursales que implica una inversi\u00f3n de 5.200 millones de pesos hasta 2019.<\/p>\n<p>  Frente al conflicto gremial en torno a la modificaci\u00f3n de la ley jubilatoria, Rodrigo plante\u00f3 que \u201ces un tema que est\u00e1 en la Justicia y ahora hay que hacer un impasse y retomar esa mesa de negociaci\u00f3n que fue abandonada por La Bancaria y dar la discusi\u00f3n para evitar que este conflicto le complique la vida de la gente\u201d.<\/p>\n<p>  En este sentido, consider\u00f3 que \u201cno se entiende que mediante los paros atenten as\u00ed contra el banco del cual son empleados y pongan en tela de juicio la gesti\u00f3n del banco\u201d. Y asegur\u00f3 que \u201clejos est\u00e1 Mar\u00eda Eugenia Vidal de pretender desfinanciar al banco cuando es la administraci\u00f3n de Vidal la que est\u00e1 emitiendo bonos para sanear la deuda y no le est\u00e1 pidiendo plata prestada al banco como se hac\u00eda anteriormente\u201d.<\/p>\n<p>  Por \u00faltimo, Rodrigo record\u00f3 que \u201cparte de la deuda que la Provincia ten\u00eda con el banco tiene que ver con que en los \u00faltimos 4 a\u00f1os de la gesti\u00f3n de Daniel Scioli la Caja de Jubilaciones fue generando un d\u00e9ficit que lleg\u00f3 a los 8000 millones y Scioli nunca lo abon\u00f3. Hoy esa deuda ya fue regularizada por el gobierno de Vidal\u201d.<\/p>\n","protected":false},"excerpt":{"rendered":"<p>\u201cNo hay ning\u00fan plan de ajuste, ni cierre de sucursales ni tampoco privatizaci\u00f3n del Banco Provincia\u201d, asegur\u00f3 el director Diego Rodrigo tras una serie de rumores que circularon en los \u00faltimos d\u00edas desde el sector gremial donde se alertaba sobre un posible achicamiento y venta de la entidad financiera. El director de la entidad expuso [&hellip;]<\/p>\n","protected":false},"author":4,"featured_media":14334,"comment_status":"open","ping_status":"closed","sticky":false,"template":"","format":"standard","meta":{"om_disable_all_campaigns":false,"_jetpack_memberships_contains_paid_content":false,"footnotes":""},"categories":[2,102],"tags":[],"class_list":["post-31249","post","type-post","status-publish","format-standard","has-post-thumbnail","hentry","category-locales","category-politica-locales"],"aioseo_notices":[],"gutentor_comment":0,"jetpack_featured_media_url":"https:\/\/eldiariodesanpedro.com.ar\/sitio\/wp-content\/uploads\/2017\/02\/banco_provincia.jpg","jetpack_shortlink":"https:\/\/wp.me\/p6RhLt-881","jetpack_sharing_enabled":true,"_links":{"self":[{"href":"https:\/\/eldiariodesanpedro.com.ar\/sitio\/wp-json\/wp\/v2\/posts\/31249","targetHints":{"allow":["GET"]}}],"collection":[{"href":"https:\/\/eldiariodesanpedro.com.ar\/sitio\/wp-json\/wp\/v2\/posts"}],"about":[{"href":"https:\/\/eldiariodesanpedro.com.ar\/sitio\/wp-json\/wp\/v2\/types\/post"}],"author":[{"embeddable":true,"href":"https:\/\/eldiariodesanpedro.com.ar\/sitio\/wp-json\/wp\/v2\/users\/4"}],"replies":[{"embeddable":true,"href":"https:\/\/eldiariodesanpedro.com.ar\/sitio\/wp-json\/wp\/v2\/comments?post=31249"}],"version-history":[{"count":2,"href":"https:\/\/eldiariodesanpedro.com.ar\/sitio\/wp-json\/wp\/v2\/posts\/31249\/revisions"}],"predecessor-version":[{"id":31255,"href":"https:\/\/eldiariodesanpedro.com.ar\/sitio\/wp-json\/wp\/v2\/posts\/31249\/revisions\/31255"}],"wp:featuredmedia":[{"embeddable":true,"href":"https:\/\/eldiariodesanpedro.com.ar\/sitio\/wp-json\/wp\/v2\/media\/14334"}],"wp:attachment":[{"href":"https:\/\/eldiariodesanpedro.com.ar\/sitio\/wp-json\/wp\/v2\/media?parent=31249"}],"wp:term":[{"taxonomy":"category","embeddable":true,"href":"https:\/\/eldiariodesanpedro.com.ar\/sitio\/wp-json\/wp\/v2\/categories?post=31249"},{"taxonomy":"post_tag","embeddable":true,"href":"https:\/\/eldiariodesanpedro.com.ar\/sitio\/wp-json\/wp\/v2\/tags?post=31249"}],"curies":[{"name":"wp","href":"https:\/\/api.w.org\/{rel}","templated":true}]}}