{"id":31243,"date":"2018-04-06T18:21:55","date_gmt":"2018-04-06T21:21:55","guid":{"rendered":"https:\/\/eldiariodesanpedro.com.ar\/sitio\/?p=31243"},"modified":"2018-04-06T18:25:45","modified_gmt":"2018-04-06T21:25:45","slug":"reconocio-a-su-ladron-realizo-la-denuncia-y-sigue-libre","status":"publish","type":"post","link":"https:\/\/eldiariodesanpedro.com.ar\/sitio\/reconocio-a-su-ladron-realizo-la-denuncia-y-sigue-libre\/","title":{"rendered":"Reconoci\u00f3 a su ladr\u00f3n, realiz\u00f3 la denuncia, allanaron su casa y sigue libre"},"content":{"rendered":"<p><!-- VideographyWP Plugin Message: Automatic video embedding prevented by plugin options. --><br \/>\nD\u00edas atr\u00e1s mas precisamente el pasado d\u00eda martes por la tarde nuestra periodista Jesica Actis Dato fue victima de un asalto a mano armada por un delincuente que ella identifico y que hab\u00eda sido el mismo delincuente que hab\u00eda robado el pasado s\u00e1bado 25 de marzo en la casa del ex intendente Fabio Giobanettone.<\/p>\n<p>En la esquina de 25 de Mayo y San Lorenzo nuestra periodista fue victima de un hecho delictivo como el que le viene sucediendo a much\u00edsimos sampedrinos en es tos ultimas semanas, alrededor de las 18:30 hs Jesica venia circulando en su bicicleta realizando tareas correspondientes cuando se presta a sacar su tel\u00e9fono celular para realizar una llamada a su trabajo cuando desde atr\u00e1s se le acerca una motocicleta 110 cc color roja que se le pone a la par y le manoteandole el aparato volteando de su bicicleta.<\/p>\n<p>Al momento que ella cae el delincuente cono conocido como Tomy Casas se baja de la motocicleta y forcejea con ella por el tel\u00e9fono cuando de entre sus ropas extrae un arma de fuego por lo que la periodista se queda inm\u00f3vil, ella relato \u00abEn ese momento me quede quieta y se me pasaron mil cosas por la cabeza, es horrible la sensaci\u00f3n de impotencia y de no poder hacer nada por que pones en riesgo tu vida\u00bb.<\/p>\n<p>Seg\u00fan los relatos de ella el otro delincuente que se encontraba arriba de la moto quien se cree que podr\u00eda ser el malviviente conocido como \u00abPur\u00e9\u00bb Monz\u00f3n de 23 a\u00f1os, le gritaba a su colega que se llevara la bicicleta pero en el apuro solo alcanzo a llevarse al celular.<\/p>\n<p>Estos dos malhechores fueron identificados por nuestra periodista y realizo inmediatamente la denuncia en la comisaria local, donde se le informo que este sujeto hab\u00eda sido el mismo que ingreso en el domicilio del ex intendente Fabio Giobanettone y fue aprehendido en el mismo momento que se encontraba dentro de la casa, pero d\u00edas despu\u00e9s puesto en libertad. Ademas se lo acusa de varios hechos delictivos que ocurrieron del mismo modus operanding en la v\u00eda publica.<\/p>\n<p>Este jueves la polic\u00eda de nuestra ciudad realizo allanamientos en los dos domicilios de estos malhechores sin poder encontrar ni el arma con el que se realizo el robo, como tampoco el celular de la victima, por lo que no fue posible volver a aprehenderlos.<\/p>\n<p>Clave aclarar que el delincuente Tomy Casas a quien le corresponde frondosos antecedentes es hijo de la concejal Ver\u00f3nica L\u00f3pez perteneciente al bloque Cambiemos quien asegura que su hijo se encuentra en un problema con las adicciones y que espera que salga adelante.<\/p>\n<p>Desde el Diario de San Pedro y nuestra compa\u00f1era Jessica Actis Dato queremos agradecer el trabajo realizado desde el primer momento por los polic\u00edas locales, por el personal de la comisaria, los funcionarios policiales y municipales que estuvieron trabajando en el hecho como tambi\u00e9n la gente del SAME que se hicieron presentes r\u00e1pidamente.<\/p>\n<p>Jesica expreso a traves de su pagian de facebook:<br \/>\n\u00abEsa sensaci\u00f3n en todo el cuerpo incontrolable que sent\u00eds en ese momento y pensas, ya esta, se me va a pasar pero no!<br \/>\nMiedo, angustia, impotencia, ganas de tirar todo a la mierda y ese dolor en el pecho que no se te pasa con NADA.<br \/>\nComo se sigue despu\u00e9s que por segundos pensaste que tu vida se terminaba ah\u00ed, en la calle , frente a una persona que te apunta con un arma con total libertad, mir\u00e1ndote a los ojos como si fueras, NADA.<br \/>\nSin miedo a NADA.<br \/>\nTengo que decir por suerte, tengo que decir, pensar y agradecer a Dios que iba sola, que no me lastimaron f\u00edsicamente y que fue solo eso.<br \/>\nAhora .. despu\u00e9s de este momento tan traum\u00e1tico donde ves un arma de fuego que te apunta, donde se te pasan por segundos mil cosas por la cabeza, \u00bfcomo se sigue despu\u00e9s? \u00bfcomo haces para no tener miedo? como haces para ir sola por la calle y no sentir esa angustia que te genero ese momento? como haces para superar y creer que ya esta , te paso a vos, fue solo un robo!; Abrace tanto a mi hijo cuando volv\u00ed de toda esta pesadilla, tanto le agradec\u00ed a Dios no haber estado con el.<br \/>\nPor m\u00e1s que a esta persona la detengan, ya est\u00e1! el da\u00f1o ya te lo hizo igual!<br \/>\nMe duele aceptar que me paso, me duele much\u00edsimo, pero es la realidad me paso y me va a costar mucho recuperarme, solo me queda agradecer a todas las personas que me contuvieron y est\u00e1n conmigo. Solo me queda agradecer que hoy a pesar de todo sigo en pie, que voy a seguir trabajando igual , pero que mi vida cambio un 100 x 100 despu\u00e9s de esto, ni se los puedo describir en palabras, que se haga justicia para que no hayan mas v\u00edctimas y este mal nacido no da\u00f1e a nadie m\u00e1s; Mi parte ya la hice, ya denunci\u00e9, ya declar\u00e9, queda en manos de esta justicia que lo detengan y no salgan m\u00e1s!<br \/>\nA cuidarse gente, a valorar lo que tenemos, a cuidar y amar nuestra familia, la vida puede terminar en un segundo\u00bb.<\/p>\n","protected":false},"excerpt":{"rendered":"<p>D\u00edas atr\u00e1s mas precisamente el pasado d\u00eda martes por la tarde nuestra periodista Jesica Actis Dato fue victima de un asalto a mano armada por un delincuente que ella identifico y que hab\u00eda sido el mismo delincuente que hab\u00eda robado el pasado s\u00e1bado 25 de marzo en la casa del ex intendente Fabio Giobanettone. En [&hellip;]<\/p>\n","protected":false},"author":4,"featured_media":31244,"comment_status":"open","ping_status":"closed","sticky":false,"template":"","format":"standard","meta":{"om_disable_all_campaigns":false,"_jetpack_memberships_contains_paid_content":false,"footnotes":""},"categories":[50,2,103],"tags":[],"class_list":["post-31243","post","type-post","status-publish","format-standard","has-post-thumbnail","hentry","category-destacadas","category-locales","category-policiales-locales"],"aioseo_notices":[],"gutentor_comment":0,"jetpack_featured_media_url":"https:\/\/eldiariodesanpedro.com.ar\/sitio\/wp-content\/uploads\/2018\/04\/arrebato.jpg","jetpack_shortlink":"https:\/\/wp.me\/p6RhLt-87V","jetpack_sharing_enabled":true,"_links":{"self":[{"href":"https:\/\/eldiariodesanpedro.com.ar\/sitio\/wp-json\/wp\/v2\/posts\/31243","targetHints":{"allow":["GET"]}}],"collection":[{"href":"https:\/\/eldiariodesanpedro.com.ar\/sitio\/wp-json\/wp\/v2\/posts"}],"about":[{"href":"https:\/\/eldiariodesanpedro.com.ar\/sitio\/wp-json\/wp\/v2\/types\/post"}],"author":[{"embeddable":true,"href":"https:\/\/eldiariodesanpedro.com.ar\/sitio\/wp-json\/wp\/v2\/users\/4"}],"replies":[{"embeddable":true,"href":"https:\/\/eldiariodesanpedro.com.ar\/sitio\/wp-json\/wp\/v2\/comments?post=31243"}],"version-history":[{"count":3,"href":"https:\/\/eldiariodesanpedro.com.ar\/sitio\/wp-json\/wp\/v2\/posts\/31243\/revisions"}],"predecessor-version":[{"id":31247,"href":"https:\/\/eldiariodesanpedro.com.ar\/sitio\/wp-json\/wp\/v2\/posts\/31243\/revisions\/31247"}],"wp:featuredmedia":[{"embeddable":true,"href":"https:\/\/eldiariodesanpedro.com.ar\/sitio\/wp-json\/wp\/v2\/media\/31244"}],"wp:attachment":[{"href":"https:\/\/eldiariodesanpedro.com.ar\/sitio\/wp-json\/wp\/v2\/media?parent=31243"}],"wp:term":[{"taxonomy":"category","embeddable":true,"href":"https:\/\/eldiariodesanpedro.com.ar\/sitio\/wp-json\/wp\/v2\/categories?post=31243"},{"taxonomy":"post_tag","embeddable":true,"href":"https:\/\/eldiariodesanpedro.com.ar\/sitio\/wp-json\/wp\/v2\/tags?post=31243"}],"curies":[{"name":"wp","href":"https:\/\/api.w.org\/{rel}","templated":true}]}}