{"id":31240,"date":"2018-04-06T10:54:42","date_gmt":"2018-04-06T13:54:42","guid":{"rendered":"https:\/\/eldiariodesanpedro.com.ar\/sitio\/?p=31240"},"modified":"2018-04-06T10:54:42","modified_gmt":"2018-04-06T13:54:42","slug":"ramallo-encuentran-heces-de-ratas-en-comida-para-alumnos-de-escuela-primaria","status":"publish","type":"post","link":"https:\/\/eldiariodesanpedro.com.ar\/sitio\/ramallo-encuentran-heces-de-ratas-en-comida-para-alumnos-de-escuela-primaria\/","title":{"rendered":"RAMALLO: Encuentran heces de ratas en comida para alumnos de escuela primaria"},"content":{"rendered":"<p><!-- VideographyWP Plugin Message: Automatic video embedding prevented by plugin options. --><br \/>\nEncontraron excremento de ratas en alfajores que eran destinados para el desayuno y almuerzo de alumnos. El Consejo Escolar de Ramallo confirm\u00f3 la suspensi\u00f3n de un proveedor de alimentos y retiraron todos los productos. Malestar en la comunidad educativa ante el conocimiento del caso.<\/p>\n<p>Se trata de un productor panadero, de apellido Duchi, quien fue denunciado por personal de la Escuela Primaria N\u00b0 6 de Villa Ramallo, cuando al entregar alfajores de maicena se pudo constatar que los mismos estaban mordidos por ratas, y hab\u00eda presencia de heces en el cajo que los conten\u00eda.<\/p>\n<p>Esto alert\u00f3 a las autoridades escolares, por lo que r\u00e1pidamente retiraron los alimentos y suspendieron al proveedor.<\/p>\n<p>\u201cTomamos conocimiento en el transcurso de la ma\u00f1ana, cuando se hace el reparto. Estos alimentos estaban destinados para el desayuno y la merienda del d\u00eda. Este proveedor deja los alfajores en el establecimiento, y es la auxiliar quien se da cuenta que los paquetes estaban mordidos\u201d, expres\u00f3 Natalia Rueda, presidente del Concejo Escolar de Ramallo.<\/p>\n<p>En tanto, remarc\u00f3 que \u201cadem\u00e1s se comprueba la presencia de materia fecal, posiblemente de roedores. Inmediatamente la directora de la escuela se comunic\u00f3 con el Consejo Escolar. Ah\u00ed se llama al proveedor para que retire la mercader\u00eda, y all\u00ed mismo se le realizo un acta correspondiente\u201d.<\/p>\n<p>Fuente: Ramallo Ciudad<\/p>\n","protected":false},"excerpt":{"rendered":"<p>Encontraron excremento de ratas en alfajores que eran destinados para el desayuno y almuerzo de alumnos. El Consejo Escolar de Ramallo confirm\u00f3 la suspensi\u00f3n de un proveedor de alimentos y retiraron todos los productos. Malestar en la comunidad educativa ante el conocimiento del caso. Se trata de un productor panadero, de apellido Duchi, quien fue [&hellip;]<\/p>\n","protected":false},"author":4,"featured_media":31241,"comment_status":"open","ping_status":"closed","sticky":false,"template":"","format":"standard","meta":{"om_disable_all_campaigns":false,"_jetpack_memberships_contains_paid_content":false,"footnotes":""},"categories":[621],"tags":[],"class_list":["post-31240","post","type-post","status-publish","format-standard","has-post-thumbnail","hentry","category-regionales"],"aioseo_notices":[],"gutentor_comment":0,"jetpack_featured_media_url":"https:\/\/eldiariodesanpedro.com.ar\/sitio\/wp-content\/uploads\/2018\/04\/PAGINA-7.jpg","jetpack_shortlink":"https:\/\/wp.me\/p6RhLt-87S","jetpack_sharing_enabled":true,"_links":{"self":[{"href":"https:\/\/eldiariodesanpedro.com.ar\/sitio\/wp-json\/wp\/v2\/posts\/31240","targetHints":{"allow":["GET"]}}],"collection":[{"href":"https:\/\/eldiariodesanpedro.com.ar\/sitio\/wp-json\/wp\/v2\/posts"}],"about":[{"href":"https:\/\/eldiariodesanpedro.com.ar\/sitio\/wp-json\/wp\/v2\/types\/post"}],"author":[{"embeddable":true,"href":"https:\/\/eldiariodesanpedro.com.ar\/sitio\/wp-json\/wp\/v2\/users\/4"}],"replies":[{"embeddable":true,"href":"https:\/\/eldiariodesanpedro.com.ar\/sitio\/wp-json\/wp\/v2\/comments?post=31240"}],"version-history":[{"count":1,"href":"https:\/\/eldiariodesanpedro.com.ar\/sitio\/wp-json\/wp\/v2\/posts\/31240\/revisions"}],"predecessor-version":[{"id":31242,"href":"https:\/\/eldiariodesanpedro.com.ar\/sitio\/wp-json\/wp\/v2\/posts\/31240\/revisions\/31242"}],"wp:featuredmedia":[{"embeddable":true,"href":"https:\/\/eldiariodesanpedro.com.ar\/sitio\/wp-json\/wp\/v2\/media\/31241"}],"wp:attachment":[{"href":"https:\/\/eldiariodesanpedro.com.ar\/sitio\/wp-json\/wp\/v2\/media?parent=31240"}],"wp:term":[{"taxonomy":"category","embeddable":true,"href":"https:\/\/eldiariodesanpedro.com.ar\/sitio\/wp-json\/wp\/v2\/categories?post=31240"},{"taxonomy":"post_tag","embeddable":true,"href":"https:\/\/eldiariodesanpedro.com.ar\/sitio\/wp-json\/wp\/v2\/tags?post=31240"}],"curies":[{"name":"wp","href":"https:\/\/api.w.org\/{rel}","templated":true}]}}