{"id":31236,"date":"2018-04-06T10:52:18","date_gmt":"2018-04-06T13:52:18","guid":{"rendered":"https:\/\/eldiariodesanpedro.com.ar\/sitio\/?p=31236"},"modified":"2018-04-06T10:52:55","modified_gmt":"2018-04-06T13:52:55","slug":"pergamino-11-anos-de-prision-para-un-hombre-por-abusar-de-dos-de-las-hijas-de-su-pareja","status":"publish","type":"post","link":"https:\/\/eldiariodesanpedro.com.ar\/sitio\/pergamino-11-anos-de-prision-para-un-hombre-por-abusar-de-dos-de-las-hijas-de-su-pareja\/","title":{"rendered":"PERGAMINO: 11 a\u00f1os de prisi\u00f3n para un hombre por abusar de dos de las hijas de su pareja"},"content":{"rendered":"<p><!-- VideographyWP Plugin Message: Automatic video embedding prevented by plugin options. --><br \/>\nAs\u00ed lo resolvi\u00f3 el juez Leandro Mart\u00edn en el marco de un juicio oral y p\u00fablico cuya sentencia se inform\u00f3 ayer a la ma\u00f1ana. El condenado es Mario Santaya de 55 a\u00f1os. El fiscal que investig\u00f3 el caso fue Mat\u00edas Merlo.<br \/>\nUn hombre de 55 a\u00f1os identificado como Mario Santaya fue condenado a once a\u00f1os de prisi\u00f3n efectiva por ser el autor de delitos contra la integridad sexual cometidos en la localidad de Hughes (departamento General L\u00f3pez) en perjuicio de dos de las hijas de su pareja. As\u00ed lo resolvi\u00f3 el juez Leandro Mart\u00edn, en el marco de un juicio oral y p\u00fablico que finaliz\u00f3 ayer en los tribunales de Melincu\u00e9.<\/p>\n<p>La condena impuesta a Santaya fue por ser autor penalmente responsable de los delitos de abuso sexual gravemente ultrajante agravado (por la relaci\u00f3n de convivencia preexistente con un menor de 18 a\u00f1os) y abuso sexual simple agravado (por la situaci\u00f3n de convivencia preexistente con un menor de 18 a\u00f1os), ambos delitos en concurso real entre s\u00ed.<\/p>\n<p>El fiscal que investig\u00f3 el caso es Mat\u00edas Merlo quien valor\u00f3 la sentencia del magistrado y destac\u00f3 que \u201cimpuso la misma pena que solicitamos desde la Fiscal\u00eda en los alegatos\u201d.<\/p>\n<p>Fuente: Pergamino Verdad<\/p>\n","protected":false},"excerpt":{"rendered":"<p>As\u00ed lo resolvi\u00f3 el juez Leandro Mart\u00edn en el marco de un juicio oral y p\u00fablico cuya sentencia se inform\u00f3 ayer a la ma\u00f1ana. El condenado es Mario Santaya de 55 a\u00f1os. El fiscal que investig\u00f3 el caso fue Mat\u00edas Merlo. Un hombre de 55 a\u00f1os identificado como Mario Santaya fue condenado a once a\u00f1os [&hellip;]<\/p>\n","protected":false},"author":4,"featured_media":31237,"comment_status":"open","ping_status":"closed","sticky":false,"template":"","format":"standard","meta":{"om_disable_all_campaigns":false,"_jetpack_memberships_contains_paid_content":false,"footnotes":""},"categories":[621],"tags":[],"class_list":["post-31236","post","type-post","status-publish","format-standard","has-post-thumbnail","hentry","category-regionales"],"aioseo_notices":[],"gutentor_comment":0,"jetpack_featured_media_url":"https:\/\/eldiariodesanpedro.com.ar\/sitio\/wp-content\/uploads\/2018\/04\/abuso_pag_10.jpg","jetpack_shortlink":"https:\/\/wp.me\/p6RhLt-87O","jetpack_sharing_enabled":true,"_links":{"self":[{"href":"https:\/\/eldiariodesanpedro.com.ar\/sitio\/wp-json\/wp\/v2\/posts\/31236","targetHints":{"allow":["GET"]}}],"collection":[{"href":"https:\/\/eldiariodesanpedro.com.ar\/sitio\/wp-json\/wp\/v2\/posts"}],"about":[{"href":"https:\/\/eldiariodesanpedro.com.ar\/sitio\/wp-json\/wp\/v2\/types\/post"}],"author":[{"embeddable":true,"href":"https:\/\/eldiariodesanpedro.com.ar\/sitio\/wp-json\/wp\/v2\/users\/4"}],"replies":[{"embeddable":true,"href":"https:\/\/eldiariodesanpedro.com.ar\/sitio\/wp-json\/wp\/v2\/comments?post=31236"}],"version-history":[{"count":2,"href":"https:\/\/eldiariodesanpedro.com.ar\/sitio\/wp-json\/wp\/v2\/posts\/31236\/revisions"}],"predecessor-version":[{"id":31239,"href":"https:\/\/eldiariodesanpedro.com.ar\/sitio\/wp-json\/wp\/v2\/posts\/31236\/revisions\/31239"}],"wp:featuredmedia":[{"embeddable":true,"href":"https:\/\/eldiariodesanpedro.com.ar\/sitio\/wp-json\/wp\/v2\/media\/31237"}],"wp:attachment":[{"href":"https:\/\/eldiariodesanpedro.com.ar\/sitio\/wp-json\/wp\/v2\/media?parent=31236"}],"wp:term":[{"taxonomy":"category","embeddable":true,"href":"https:\/\/eldiariodesanpedro.com.ar\/sitio\/wp-json\/wp\/v2\/categories?post=31236"},{"taxonomy":"post_tag","embeddable":true,"href":"https:\/\/eldiariodesanpedro.com.ar\/sitio\/wp-json\/wp\/v2\/tags?post=31236"}],"curies":[{"name":"wp","href":"https:\/\/api.w.org\/{rel}","templated":true}]}}