{"id":31233,"date":"2018-04-06T10:47:46","date_gmt":"2018-04-06T13:47:46","guid":{"rendered":"https:\/\/eldiariodesanpedro.com.ar\/sitio\/?p=31233"},"modified":"2018-04-06T10:47:46","modified_gmt":"2018-04-06T13:47:46","slug":"san-nicolas-vecinos-de-barrio-california-piden-seguridad-tras-ola-de-robos","status":"publish","type":"post","link":"https:\/\/eldiariodesanpedro.com.ar\/sitio\/san-nicolas-vecinos-de-barrio-california-piden-seguridad-tras-ola-de-robos\/","title":{"rendered":"SAN NICOL\u00c1S:  Vecinos de barrio California piden seguridad tras ola de robos"},"content":{"rendered":"<p><!-- VideographyWP Plugin Message: Automatic video embedding prevented by plugin options. --><br \/>\nSon varias las denuncias que se acumulan por hechos delictivos en este barrio de zona sur. Distintos vecinos han vivido momentos de tensi\u00f3n por robos a mano armada o ingresos a sus domicilios. Piden mayor presencia policial.<br \/>\nUn nuevo hecho ocurri\u00f3 en la madrugada de este jueves cuando un sujeto barrete\u00f3 una ventana para ingresar a una vivienda mientras la familia dorm\u00eda. Los ruidos alertaron a los moradores y vecinos por lo que el ladr\u00f3n se dio a la fuga dejando en el lugar los objetos utilizados para cometer el delito.<\/p>\n<p>D\u00edas atr\u00e1s dos sujetos con el rostro cubierto con casco de moto ingresaron a una despensa ubicada en calle Del Pozo entre Vigil y Hugo West y a punta de pistola amenazaron al due\u00f1o del local y a los clientes que se encontraban all\u00ed, entre los cuales hab\u00eda menores.<\/p>\n<p>Uno de los ladrones salt\u00f3 el mostrador y le exigi\u00f3 al propietario que le entregara la recaudaci\u00f3n, mientras que su c\u00f3mplice tom\u00f3 a uno de los clientes de reh\u00e9n.<\/p>\n<p>En los \u00faltimos d\u00edas se produjeron varios robos en la zona. Los autores estar\u00edan identificados, solo resta esperar el acopio de testimonios y pruebas. Los vecinos est\u00e1n en alerta y exigen a las autoridades mayor seguridad en el barrio.<\/p>\n<p>Fuente: Diario El Informante<\/p>\n","protected":false},"excerpt":{"rendered":"<p>Son varias las denuncias que se acumulan por hechos delictivos en este barrio de zona sur. Distintos vecinos han vivido momentos de tensi\u00f3n por robos a mano armada o ingresos a sus domicilios. Piden mayor presencia policial. Un nuevo hecho ocurri\u00f3 en la madrugada de este jueves cuando un sujeto barrete\u00f3 una ventana para ingresar [&hellip;]<\/p>\n","protected":false},"author":4,"featured_media":31234,"comment_status":"open","ping_status":"closed","sticky":false,"template":"","format":"standard","meta":{"om_disable_all_campaigns":false,"_jetpack_memberships_contains_paid_content":false,"footnotes":""},"categories":[621],"tags":[],"class_list":["post-31233","post","type-post","status-publish","format-standard","has-post-thumbnail","hentry","category-regionales"],"aioseo_notices":[],"gutentor_comment":0,"jetpack_featured_media_url":"https:\/\/eldiariodesanpedro.com.ar\/sitio\/wp-content\/uploads\/2018\/04\/descarga_4_6.jpg","jetpack_shortlink":"https:\/\/wp.me\/p6RhLt-87L","jetpack_sharing_enabled":true,"_links":{"self":[{"href":"https:\/\/eldiariodesanpedro.com.ar\/sitio\/wp-json\/wp\/v2\/posts\/31233","targetHints":{"allow":["GET"]}}],"collection":[{"href":"https:\/\/eldiariodesanpedro.com.ar\/sitio\/wp-json\/wp\/v2\/posts"}],"about":[{"href":"https:\/\/eldiariodesanpedro.com.ar\/sitio\/wp-json\/wp\/v2\/types\/post"}],"author":[{"embeddable":true,"href":"https:\/\/eldiariodesanpedro.com.ar\/sitio\/wp-json\/wp\/v2\/users\/4"}],"replies":[{"embeddable":true,"href":"https:\/\/eldiariodesanpedro.com.ar\/sitio\/wp-json\/wp\/v2\/comments?post=31233"}],"version-history":[{"count":1,"href":"https:\/\/eldiariodesanpedro.com.ar\/sitio\/wp-json\/wp\/v2\/posts\/31233\/revisions"}],"predecessor-version":[{"id":31235,"href":"https:\/\/eldiariodesanpedro.com.ar\/sitio\/wp-json\/wp\/v2\/posts\/31233\/revisions\/31235"}],"wp:featuredmedia":[{"embeddable":true,"href":"https:\/\/eldiariodesanpedro.com.ar\/sitio\/wp-json\/wp\/v2\/media\/31234"}],"wp:attachment":[{"href":"https:\/\/eldiariodesanpedro.com.ar\/sitio\/wp-json\/wp\/v2\/media?parent=31233"}],"wp:term":[{"taxonomy":"category","embeddable":true,"href":"https:\/\/eldiariodesanpedro.com.ar\/sitio\/wp-json\/wp\/v2\/categories?post=31233"},{"taxonomy":"post_tag","embeddable":true,"href":"https:\/\/eldiariodesanpedro.com.ar\/sitio\/wp-json\/wp\/v2\/tags?post=31233"}],"curies":[{"name":"wp","href":"https:\/\/api.w.org\/{rel}","templated":true}]}}