{"id":31230,"date":"2018-04-06T10:44:21","date_gmt":"2018-04-06T13:44:21","guid":{"rendered":"https:\/\/eldiariodesanpedro.com.ar\/sitio\/?p=31230"},"modified":"2018-04-06T10:44:21","modified_gmt":"2018-04-06T13:44:21","slug":"baradero-ya-comenzaron-los-preparativos-para-la-fiesta-del-mondongo-y-la-torta-frita","status":"publish","type":"post","link":"https:\/\/eldiariodesanpedro.com.ar\/sitio\/baradero-ya-comenzaron-los-preparativos-para-la-fiesta-del-mondongo-y-la-torta-frita\/","title":{"rendered":"BARADERO: Ya comenzaron los preparativos para la Fiesta del Mondongo y La Torta Frita"},"content":{"rendered":"<p><!-- VideographyWP Plugin Message: Automatic video embedding prevented by plugin options. --><br \/>\nDialogamos con el Sr Oscar Scollo, Delegado Municipal de Santa Coloma, quien nos puso al tanto de esta ya tradicional fiesta de nuestro partido.<br \/>\n\u201cEsta es la fiesta n\u00famero 13. Comienza  el a\u00f1o y , ya en enero, algo  nos moviliza a todos. Queremos empezar,  hacer, averiguar ,publicitar. La verdad que el grupo que se arm\u00f3 es muy bueno.  Nos sentamos a cortar el mondongo, nos divertimos,  re\u00edmos, la verdad que la pasamos muy bien . Si  no vas con ganas de trabajar  este tipo de fiesta as\u00ed no  se podr\u00eda hacer.\u201d<\/p>\n<p>Ya se comenzaron con los preparativos, desgrasando,   pre cocinando, cortando en tiritas y frezando en  bolsitas de tres kilos y medio los primeros trescientos kilos de mondongo. Un d\u00eda y medio antes de la fiesta, se saca del freezer para que vaya  descongelando y el d\u00eda anterior se hace todo lo que es la picada de verduras.<\/p>\n<p>Adem\u00e1s nos  cont\u00f3 que quedan trescientos kilos m\u00e1s, para llegar a seiscientos, la misma cantidad que el a\u00f1o pasado.<\/p>\n<p>Con respecto a las tortas fritas agreg\u00f3 \u201cSon casi quinientos kilos de  que se amasan, para hacer alrededor de  unas diez mil torta fritas.\u201d<\/p>\n<p>El a\u00f1o pasado concurrieron cerca de  quince mil personas, que consumen adem\u00e1s en dos cantinas, una  del destacamento de bomberos y otra el centro tradicionalista de Santa Coloma y en  los puestos de comidas que arma la gente de Baradero y de otras localidades que se acercan, haciendo de la calle  un gran patio de comidas.<\/p>\n<p>Para finalizar Scollo inform\u00f3 que \u201cLa fiesta es el 1 de mayo  a partir de las diez de la ma\u00f1ana y  una cosa que quisiera resaltar es pedirle a la gente que  lleve sillas o sillones, porque no alcanzan para todos.  El municipio dispone de aproximadamente trescientas sillas y no alcanzan  para todos.\u201d<\/p>\n<p>Esperemos que el tiempo acompa\u00f1e y vivamos otra multitudinaria y  verdadera fiesta, con puestos de artesanos y espect\u00e1culos en vivo, para disfrutar del D\u00eda del trabajador.<\/p>\n<p>Fuente: Baradero Te Informa<\/p>\n","protected":false},"excerpt":{"rendered":"<p>Dialogamos con el Sr Oscar Scollo, Delegado Municipal de Santa Coloma, quien nos puso al tanto de esta ya tradicional fiesta de nuestro partido. \u201cEsta es la fiesta n\u00famero 13. Comienza el a\u00f1o y , ya en enero, algo nos moviliza a todos. Queremos empezar, hacer, averiguar ,publicitar. La verdad que el grupo que se [&hellip;]<\/p>\n","protected":false},"author":4,"featured_media":31231,"comment_status":"open","ping_status":"closed","sticky":false,"template":"","format":"standard","meta":{"om_disable_all_campaigns":false,"_jetpack_memberships_contains_paid_content":false,"footnotes":""},"categories":[621],"tags":[],"class_list":["post-31230","post","type-post","status-publish","format-standard","has-post-thumbnail","hentry","category-regionales"],"aioseo_notices":[],"gutentor_comment":0,"jetpack_featured_media_url":"https:\/\/eldiariodesanpedro.com.ar\/sitio\/wp-content\/uploads\/2018\/04\/img-20180320-wa0019.jpg","jetpack_shortlink":"https:\/\/wp.me\/p6RhLt-87I","jetpack_sharing_enabled":true,"_links":{"self":[{"href":"https:\/\/eldiariodesanpedro.com.ar\/sitio\/wp-json\/wp\/v2\/posts\/31230","targetHints":{"allow":["GET"]}}],"collection":[{"href":"https:\/\/eldiariodesanpedro.com.ar\/sitio\/wp-json\/wp\/v2\/posts"}],"about":[{"href":"https:\/\/eldiariodesanpedro.com.ar\/sitio\/wp-json\/wp\/v2\/types\/post"}],"author":[{"embeddable":true,"href":"https:\/\/eldiariodesanpedro.com.ar\/sitio\/wp-json\/wp\/v2\/users\/4"}],"replies":[{"embeddable":true,"href":"https:\/\/eldiariodesanpedro.com.ar\/sitio\/wp-json\/wp\/v2\/comments?post=31230"}],"version-history":[{"count":1,"href":"https:\/\/eldiariodesanpedro.com.ar\/sitio\/wp-json\/wp\/v2\/posts\/31230\/revisions"}],"predecessor-version":[{"id":31232,"href":"https:\/\/eldiariodesanpedro.com.ar\/sitio\/wp-json\/wp\/v2\/posts\/31230\/revisions\/31232"}],"wp:featuredmedia":[{"embeddable":true,"href":"https:\/\/eldiariodesanpedro.com.ar\/sitio\/wp-json\/wp\/v2\/media\/31231"}],"wp:attachment":[{"href":"https:\/\/eldiariodesanpedro.com.ar\/sitio\/wp-json\/wp\/v2\/media?parent=31230"}],"wp:term":[{"taxonomy":"category","embeddable":true,"href":"https:\/\/eldiariodesanpedro.com.ar\/sitio\/wp-json\/wp\/v2\/categories?post=31230"},{"taxonomy":"post_tag","embeddable":true,"href":"https:\/\/eldiariodesanpedro.com.ar\/sitio\/wp-json\/wp\/v2\/tags?post=31230"}],"curies":[{"name":"wp","href":"https:\/\/api.w.org\/{rel}","templated":true}]}}