{"id":31225,"date":"2018-04-06T10:30:58","date_gmt":"2018-04-06T13:30:58","guid":{"rendered":"https:\/\/eldiariodesanpedro.com.ar\/sitio\/?p=31225"},"modified":"2018-04-06T10:30:58","modified_gmt":"2018-04-06T13:30:58","slug":"dos-aprehendidos-por-resistirse-a-la-autoridad","status":"publish","type":"post","link":"https:\/\/eldiariodesanpedro.com.ar\/sitio\/dos-aprehendidos-por-resistirse-a-la-autoridad\/","title":{"rendered":"Dos aprehendidos por resistirse a la autoridad"},"content":{"rendered":"<p><!-- VideographyWP Plugin Message: Automatic video embedding prevented by plugin options. --><br \/>\nSe realiz\u00f3 la aprehensi\u00f3n de dos j\u00f3venes ciudadanos que circulaban en una motocicleta por resistirse a la autoridad.<\/p>\n<p>En el pasado jueves el personal policial en marco de operativos en Combate de Obligado y Ruffa de ciudad  tras una persecuci\u00f3n aprehende a masculinos de 19 y 15 a\u00f1os quienes se movilizaban en una motocicleta sin papeles, ofreciendo resistencia al personal por lo que fueron detenidos y trasladados a la comisaria local.<\/p>\n","protected":false},"excerpt":{"rendered":"<p>Se realiz\u00f3 la aprehensi\u00f3n de dos j\u00f3venes ciudadanos que circulaban en una motocicleta por resistirse a la autoridad. En el pasado jueves el personal policial en marco de operativos en Combate de Obligado y Ruffa de ciudad tras una persecuci\u00f3n aprehende a masculinos de 19 y 15 a\u00f1os quienes se movilizaban en una motocicleta sin [&hellip;]<\/p>\n","protected":false},"author":4,"featured_media":13370,"comment_status":"open","ping_status":"closed","sticky":false,"template":"","format":"standard","meta":{"om_disable_all_campaigns":false,"_jetpack_memberships_contains_paid_content":false,"footnotes":""},"categories":[2,103],"tags":[],"class_list":["post-31225","post","type-post","status-publish","format-standard","has-post-thumbnail","hentry","category-locales","category-policiales-locales"],"aioseo_notices":[],"gutentor_comment":0,"jetpack_featured_media_url":"https:\/\/eldiariodesanpedro.com.ar\/sitio\/wp-content\/uploads\/2017\/01\/Patrulla-2-e1485286083962.jpg","jetpack_shortlink":"https:\/\/wp.me\/p6RhLt-87D","jetpack_sharing_enabled":true,"_links":{"self":[{"href":"https:\/\/eldiariodesanpedro.com.ar\/sitio\/wp-json\/wp\/v2\/posts\/31225","targetHints":{"allow":["GET"]}}],"collection":[{"href":"https:\/\/eldiariodesanpedro.com.ar\/sitio\/wp-json\/wp\/v2\/posts"}],"about":[{"href":"https:\/\/eldiariodesanpedro.com.ar\/sitio\/wp-json\/wp\/v2\/types\/post"}],"author":[{"embeddable":true,"href":"https:\/\/eldiariodesanpedro.com.ar\/sitio\/wp-json\/wp\/v2\/users\/4"}],"replies":[{"embeddable":true,"href":"https:\/\/eldiariodesanpedro.com.ar\/sitio\/wp-json\/wp\/v2\/comments?post=31225"}],"version-history":[{"count":1,"href":"https:\/\/eldiariodesanpedro.com.ar\/sitio\/wp-json\/wp\/v2\/posts\/31225\/revisions"}],"predecessor-version":[{"id":31226,"href":"https:\/\/eldiariodesanpedro.com.ar\/sitio\/wp-json\/wp\/v2\/posts\/31225\/revisions\/31226"}],"wp:featuredmedia":[{"embeddable":true,"href":"https:\/\/eldiariodesanpedro.com.ar\/sitio\/wp-json\/wp\/v2\/media\/13370"}],"wp:attachment":[{"href":"https:\/\/eldiariodesanpedro.com.ar\/sitio\/wp-json\/wp\/v2\/media?parent=31225"}],"wp:term":[{"taxonomy":"category","embeddable":true,"href":"https:\/\/eldiariodesanpedro.com.ar\/sitio\/wp-json\/wp\/v2\/categories?post=31225"},{"taxonomy":"post_tag","embeddable":true,"href":"https:\/\/eldiariodesanpedro.com.ar\/sitio\/wp-json\/wp\/v2\/tags?post=31225"}],"curies":[{"name":"wp","href":"https:\/\/api.w.org\/{rel}","templated":true}]}}