{"id":31221,"date":"2018-04-06T10:19:45","date_gmt":"2018-04-06T13:19:45","guid":{"rendered":"https:\/\/eldiariodesanpedro.com.ar\/sitio\/?p=31221"},"modified":"2018-04-06T10:19:45","modified_gmt":"2018-04-06T13:19:45","slug":"se-aprehendio-a-un-delincuente-en-el-patio-de-la-escuela-6","status":"publish","type":"post","link":"https:\/\/eldiariodesanpedro.com.ar\/sitio\/se-aprehendio-a-un-delincuente-en-el-patio-de-la-escuela-6\/","title":{"rendered":"Se aprehendi\u00f3 a un delincuente en el patio de la escuela 6"},"content":{"rendered":"<p><!-- VideographyWP Plugin Message: Automatic video embedding prevented by plugin options. --><br \/>\nEn la madrugada de este viernes se recibe una denuncia a trav\u00e9s del servicio 911 donde se declara que una persona que hab\u00eda ingresado al interior del patio del Establecimiento Educativo N\u00b0 6 ubicado en calle Uruguay entre Avenida 3 de Febrero y Ruiz Moreno procedi\u00f3 a la aprehensi\u00f3n de masculino de 43 a\u00f1os, quien instantes antes tras escalamiento a la segunda planta de vivienda ubicada en calle Rafael Obligado al 400 aproximadamente de ciudad sustrae un bolso con vestimentas varias que pose\u00eda en su poder. <\/p>\n<p>El delincuente fue trasladado a la seccional policial donde permanece aprehendido. Interviene  UFI N\u00b0 11<\/p>\n","protected":false},"excerpt":{"rendered":"<p>En la madrugada de este viernes se recibe una denuncia a trav\u00e9s del servicio 911 donde se declara que una persona que hab\u00eda ingresado al interior del patio del Establecimiento Educativo N\u00b0 6 ubicado en calle Uruguay entre Avenida 3 de Febrero y Ruiz Moreno procedi\u00f3 a la aprehensi\u00f3n de masculino de 43 a\u00f1os, quien [&hellip;]<\/p>\n","protected":false},"author":4,"featured_media":20446,"comment_status":"open","ping_status":"closed","sticky":false,"template":"","format":"standard","meta":{"om_disable_all_campaigns":false,"_jetpack_memberships_contains_paid_content":false,"footnotes":""},"categories":[2,103],"tags":[],"class_list":["post-31221","post","type-post","status-publish","format-standard","has-post-thumbnail","hentry","category-locales","category-policiales-locales"],"aioseo_notices":[],"gutentor_comment":0,"jetpack_featured_media_url":"https:\/\/eldiariodesanpedro.com.ar\/sitio\/wp-content\/uploads\/2017\/07\/detenido-3-1.jpg","jetpack_shortlink":"https:\/\/wp.me\/p6RhLt-87z","jetpack_sharing_enabled":true,"_links":{"self":[{"href":"https:\/\/eldiariodesanpedro.com.ar\/sitio\/wp-json\/wp\/v2\/posts\/31221","targetHints":{"allow":["GET"]}}],"collection":[{"href":"https:\/\/eldiariodesanpedro.com.ar\/sitio\/wp-json\/wp\/v2\/posts"}],"about":[{"href":"https:\/\/eldiariodesanpedro.com.ar\/sitio\/wp-json\/wp\/v2\/types\/post"}],"author":[{"embeddable":true,"href":"https:\/\/eldiariodesanpedro.com.ar\/sitio\/wp-json\/wp\/v2\/users\/4"}],"replies":[{"embeddable":true,"href":"https:\/\/eldiariodesanpedro.com.ar\/sitio\/wp-json\/wp\/v2\/comments?post=31221"}],"version-history":[{"count":1,"href":"https:\/\/eldiariodesanpedro.com.ar\/sitio\/wp-json\/wp\/v2\/posts\/31221\/revisions"}],"predecessor-version":[{"id":31222,"href":"https:\/\/eldiariodesanpedro.com.ar\/sitio\/wp-json\/wp\/v2\/posts\/31221\/revisions\/31222"}],"wp:featuredmedia":[{"embeddable":true,"href":"https:\/\/eldiariodesanpedro.com.ar\/sitio\/wp-json\/wp\/v2\/media\/20446"}],"wp:attachment":[{"href":"https:\/\/eldiariodesanpedro.com.ar\/sitio\/wp-json\/wp\/v2\/media?parent=31221"}],"wp:term":[{"taxonomy":"category","embeddable":true,"href":"https:\/\/eldiariodesanpedro.com.ar\/sitio\/wp-json\/wp\/v2\/categories?post=31221"},{"taxonomy":"post_tag","embeddable":true,"href":"https:\/\/eldiariodesanpedro.com.ar\/sitio\/wp-json\/wp\/v2\/tags?post=31221"}],"curies":[{"name":"wp","href":"https:\/\/api.w.org\/{rel}","templated":true}]}}