{"id":31219,"date":"2018-04-06T10:08:48","date_gmt":"2018-04-06T13:08:48","guid":{"rendered":"https:\/\/eldiariodesanpedro.com.ar\/sitio\/?p=31219"},"modified":"2018-04-06T10:08:48","modified_gmt":"2018-04-06T13:08:48","slug":"un-vehiculo-secuestrado-por-adulteracion-de-numero-de-motor","status":"publish","type":"post","link":"https:\/\/eldiariodesanpedro.com.ar\/sitio\/un-vehiculo-secuestrado-por-adulteracion-de-numero-de-motor\/","title":{"rendered":"Un veh\u00edculo secuestrado por adulteraci\u00f3n de numero de motor"},"content":{"rendered":"<p><!-- VideographyWP Plugin Message: Automatic video embedding prevented by plugin options. --><br \/>\nEn el dia de ayer personal de la seccional local juntamente al personal de automotores en momentos en que se procede identificaci\u00f3n de rodado de la marca Jeep modelo Ika se constata que la numeraci\u00f3n de motor con signos de adulteraci\u00f3n, como consecuencia se procede secuestro del rodado. Interviene UFI N\u00b0 11 San Pedro.<\/p>\n","protected":false},"excerpt":{"rendered":"<p>En el dia de ayer personal de la seccional local juntamente al personal de automotores en momentos en que se procede identificaci\u00f3n de rodado de la marca Jeep modelo Ika se constata que la numeraci\u00f3n de motor con signos de adulteraci\u00f3n, como consecuencia se procede secuestro del rodado. Interviene UFI N\u00b0 11 San Pedro.<\/p>\n","protected":false},"author":4,"featured_media":16982,"comment_status":"open","ping_status":"closed","sticky":false,"template":"","format":"standard","meta":{"om_disable_all_campaigns":false,"_jetpack_memberships_contains_paid_content":false,"footnotes":""},"categories":[2,103],"tags":[],"class_list":["post-31219","post","type-post","status-publish","format-standard","has-post-thumbnail","hentry","category-locales","category-policiales-locales"],"aioseo_notices":[],"gutentor_comment":0,"jetpack_featured_media_url":"https:\/\/eldiariodesanpedro.com.ar\/sitio\/wp-content\/uploads\/2017\/04\/DSC_0215-e1492514874414.jpg","jetpack_shortlink":"https:\/\/wp.me\/p6RhLt-87x","jetpack_sharing_enabled":true,"_links":{"self":[{"href":"https:\/\/eldiariodesanpedro.com.ar\/sitio\/wp-json\/wp\/v2\/posts\/31219","targetHints":{"allow":["GET"]}}],"collection":[{"href":"https:\/\/eldiariodesanpedro.com.ar\/sitio\/wp-json\/wp\/v2\/posts"}],"about":[{"href":"https:\/\/eldiariodesanpedro.com.ar\/sitio\/wp-json\/wp\/v2\/types\/post"}],"author":[{"embeddable":true,"href":"https:\/\/eldiariodesanpedro.com.ar\/sitio\/wp-json\/wp\/v2\/users\/4"}],"replies":[{"embeddable":true,"href":"https:\/\/eldiariodesanpedro.com.ar\/sitio\/wp-json\/wp\/v2\/comments?post=31219"}],"version-history":[{"count":1,"href":"https:\/\/eldiariodesanpedro.com.ar\/sitio\/wp-json\/wp\/v2\/posts\/31219\/revisions"}],"predecessor-version":[{"id":31220,"href":"https:\/\/eldiariodesanpedro.com.ar\/sitio\/wp-json\/wp\/v2\/posts\/31219\/revisions\/31220"}],"wp:featuredmedia":[{"embeddable":true,"href":"https:\/\/eldiariodesanpedro.com.ar\/sitio\/wp-json\/wp\/v2\/media\/16982"}],"wp:attachment":[{"href":"https:\/\/eldiariodesanpedro.com.ar\/sitio\/wp-json\/wp\/v2\/media?parent=31219"}],"wp:term":[{"taxonomy":"category","embeddable":true,"href":"https:\/\/eldiariodesanpedro.com.ar\/sitio\/wp-json\/wp\/v2\/categories?post=31219"},{"taxonomy":"post_tag","embeddable":true,"href":"https:\/\/eldiariodesanpedro.com.ar\/sitio\/wp-json\/wp\/v2\/tags?post=31219"}],"curies":[{"name":"wp","href":"https:\/\/api.w.org\/{rel}","templated":true}]}}